{"id":41179,"date":"2025-04-16T15:53:21","date_gmt":"2025-04-16T20:53:21","guid":{"rendered":"https:\/\/elmercuriomanta.ec\/?p=41179"},"modified":"2025-04-16T16:56:44","modified_gmt":"2025-04-16T21:56:44","slug":"indignacion-en-el-barrio-jocay-calles-destruidas-y-basura-en-cada-esquina","status":"publish","type":"post","link":"https:\/\/elmercuriomanta.ec\/index.php\/2025\/04\/16\/indignacion-en-el-barrio-jocay-calles-destruidas-y-basura-en-cada-esquina\/","title":{"rendered":"Indignaci\u00f3n en el barrio Jocay : Calles destruidas y basura en cada esquina"},"content":{"rendered":"\n<div class=\"wp-block-columns is-layout-flex wp-container-core-columns-is-layout-28f84493 wp-block-columns-is-layout-flex\">\n<div class=\"wp-block-column is-layout-flow wp-block-column-is-layout-flow\">\n<figure class=\"wp-block-image size-large is-resized\"><img fetchpriority=\"high\" decoding=\"async\" width=\"921\" height=\"1024\" src=\"https:\/\/elmercuriomanta.ec\/wp-content\/uploads\/2025\/04\/WhatsApp-Image-2025-04-16-at-16.04.32-921x1024.jpeg\" alt=\"\" class=\"wp-image-41182\" style=\"width:213px;height:auto\" srcset=\"https:\/\/elmercuriomanta.ec\/wp-content\/uploads\/2025\/04\/WhatsApp-Image-2025-04-16-at-16.04.32-921x1024.jpeg 921w, https:\/\/elmercuriomanta.ec\/wp-content\/uploads\/2025\/04\/WhatsApp-Image-2025-04-16-at-16.04.32-270x300.jpeg 270w, https:\/\/elmercuriomanta.ec\/wp-content\/uploads\/2025\/04\/WhatsApp-Image-2025-04-16-at-16.04.32-768x854.jpeg 768w, https:\/\/elmercuriomanta.ec\/wp-content\/uploads\/2025\/04\/WhatsApp-Image-2025-04-16-at-16.04.32.jpeg 1151w\" sizes=\"(max-width: 921px) 100vw, 921px\" \/><\/figure>\n<\/div>\n\n\n\n<div class=\"wp-block-column is-layout-flow wp-block-column-is-layout-flow\">\n<figure class=\"wp-block-image size-large is-resized\"><img decoding=\"async\" width=\"854\" height=\"1024\" src=\"https:\/\/elmercuriomanta.ec\/wp-content\/uploads\/2025\/04\/WhatsApp-Image-2025-04-16-at-16.04.32-1-854x1024.jpeg\" alt=\"\" class=\"wp-image-41183\" style=\"width:195px;height:auto\" srcset=\"https:\/\/elmercuriomanta.ec\/wp-content\/uploads\/2025\/04\/WhatsApp-Image-2025-04-16-at-16.04.32-1-854x1024.jpeg 854w, https:\/\/elmercuriomanta.ec\/wp-content\/uploads\/2025\/04\/WhatsApp-Image-2025-04-16-at-16.04.32-1-250x300.jpeg 250w, https:\/\/elmercuriomanta.ec\/wp-content\/uploads\/2025\/04\/WhatsApp-Image-2025-04-16-at-16.04.32-1-768x920.jpeg 768w, https:\/\/elmercuriomanta.ec\/wp-content\/uploads\/2025\/04\/WhatsApp-Image-2025-04-16-at-16.04.32-1.jpeg 1068w\" sizes=\"(max-width: 854px) 100vw, 854px\" \/><\/figure>\n<\/div>\n<\/div>\n\n\n\n<p><\/p>\n\n\n\n<p>Los habitantes del barrio Jocay, en Manta, expresan su indignaci\u00f3n y descontento por el grave deterioro de las calles y la falta de atenci\u00f3n de las autoridades. Aseguran que el mal estado de la infraestructura vial est\u00e1 afectando su calidad de vida y sus actividades econ\u00f3micas.<\/p>\n\n\n\n<p>Un residente del sector se pronunci\u00f3 sobre la situaci\u00f3n, afirmando: \u201cDicen que es por el invierno, pero aqu\u00ed hay negligencia porque no arreglan las calles. Yo no veo ninguna obra. En Guayaquil, usted va sobre el agua y no sobre los huecos\u201d, enfatiz\u00f3.<\/p>\n\n\n\n<figure class=\"wp-block-image aligncenter size-full is-resized\"><img decoding=\"async\" width=\"496\" height=\"338\" src=\"https:\/\/elmercuriomanta.ec\/wp-content\/uploads\/2025\/04\/WhatsApp-Image-2025-04-16-at-16.04.32-2.jpeg\" alt=\"\" class=\"wp-image-41184\" style=\"width:321px;height:auto\" srcset=\"https:\/\/elmercuriomanta.ec\/wp-content\/uploads\/2025\/04\/WhatsApp-Image-2025-04-16-at-16.04.32-2.jpeg 496w, https:\/\/elmercuriomanta.ec\/wp-content\/uploads\/2025\/04\/WhatsApp-Image-2025-04-16-at-16.04.32-2-300x204.jpeg 300w\" sizes=\"(max-width: 496px) 100vw, 496px\" \/><\/figure>\n\n\n\n<p>La crisis no se limita a las calles. Un comerciante de pescado de la zona a\u00f1adi\u00f3 que, adem\u00e1s de la falta de mantenimiento de las v\u00edas, la delincuencia ha impactado negativamente en sus ventas. \u201cEl mal estado de las calles y la inseguridad han hecho que la gente no quiera venir a comprar\u201d, declar\u00f3.<\/p>\n\n\n\n<p>Otro morador subray\u00f3 que la mala administraci\u00f3n ha generado  huecos en las calles, lo cual ha llevado a numerosos accidentes. \u201cLos carros suelen topar con los huecos, y muchas veces las se\u00f1al\u00e9ticas est\u00e1n mal ubicadas. Eso provoca que los conductores crucen el pare, generando situaciones peligrosas para todos, especialmente para los adultos mayores y los ni\u00f1os que transitan por el sector\u201d, explic\u00f3. Este residente pidi\u00f3 encarecidamente que las autoridades eval\u00faen la situaci\u00f3n a fondo y busquen una soluci\u00f3n viable.<\/p>\n\n\n\n<p>Adem\u00e1s, la contaminaci\u00f3n del r\u00edo tambi\u00e9n es motivo de preocupaci\u00f3n entre los vecinos. Uno de ellos destac\u00f3 la proliferaci\u00f3n de mosquitos debido a la falta de limpieza en el \u00e1rea y el estancamiento de agua. \u201cHa llovido y no han realizado la limpieza al r\u00edo todav\u00eda. En las veredas tambi\u00e9n se pueden ver montes\u201d, coment\u00f3.<\/p>\n\n\n\n<p>Otro morador apunt\u00f3 que el panorama no mejora ni siquiera en cuanto a la recolecci\u00f3n de basura. \u201cLas calles est\u00e1n llenas de huecos y en cada esquina hay basura. Antes se recog\u00eda todos los d\u00edas, pero ahora solo dos veces a la semana\u201d, lament\u00f3.<\/p>\n\n\n\n<p>Los residentes del Jocay hacen un llamado urgente a las autoridades locales para que atiendan sus necesidades y promuevan mejoras en el barrio, esperando que la situaci\u00f3n cambie pronto y puedan disfrutar de un entorno m\u00e1s seguro y limpio.<\/p>\n\n\n\n<p><\/p>\n","protected":false},"excerpt":{"rendered":"<p>La crisis no se limita a las calles. Un comerciante de pescado de la zona a\u00f1adi\u00f3 que, adem\u00e1s de la falta de mantenimiento de las v\u00edas, la delincuencia ha impactado negativamente en sus ventas. \u201cEl mal estado de las calles y la inseguridad han hecho que la gente no quiera venir a comprar\u201d, declar\u00f3.<\/p>\n","protected":false},"author":14,"featured_media":41183,"comment_status":"open","ping_status":"open","sticky":false,"template":"","format":"standard","meta":{"footnotes":""},"categories":[20,83,1],"tags":[87,86],"class_list":["post-41179","post","type-post","status-publish","format-standard","has-post-thumbnail","hentry","category-portada-2","category-sucesos","category-uncategorized","tag-el-mercurio-en-los-barrios","tag-en-tu-barrio"],"_links":{"self":[{"href":"https:\/\/elmercuriomanta.ec\/index.php\/wp-json\/wp\/v2\/posts\/41179","targetHints":{"allow":["GET"]}}],"collection":[{"href":"https:\/\/elmercuriomanta.ec\/index.php\/wp-json\/wp\/v2\/posts"}],"about":[{"href":"https:\/\/elmercuriomanta.ec\/index.php\/wp-json\/wp\/v2\/types\/post"}],"author":[{"embeddable":true,"href":"https:\/\/elmercuriomanta.ec\/index.php\/wp-json\/wp\/v2\/users\/14"}],"replies":[{"embeddable":true,"href":"https:\/\/elmercuriomanta.ec\/index.php\/wp-json\/wp\/v2\/comments?post=41179"}],"version-history":[{"count":3,"href":"https:\/\/elmercuriomanta.ec\/index.php\/wp-json\/wp\/v2\/posts\/41179\/revisions"}],"predecessor-version":[{"id":41190,"href":"https:\/\/elmercuriomanta.ec\/index.php\/wp-json\/wp\/v2\/posts\/41179\/revisions\/41190"}],"wp:featuredmedia":[{"embeddable":true,"href":"https:\/\/elmercuriomanta.ec\/index.php\/wp-json\/wp\/v2\/media\/41183"}],"wp:attachment":[{"href":"https:\/\/elmercuriomanta.ec\/index.php\/wp-json\/wp\/v2\/media?parent=41179"}],"wp:term":[{"taxonomy":"category","embeddable":true,"href":"https:\/\/elmercuriomanta.ec\/index.php\/wp-json\/wp\/v2\/categories?post=41179"},{"taxonomy":"post_tag","embeddable":true,"href":"https:\/\/elmercuriomanta.ec\/index.php\/wp-json\/wp\/v2\/tags?post=41179"}],"curies":[{"name":"wp","href":"https:\/\/api.w.org\/{rel}","templated":true}]}}