{"id":40849,"date":"2025-04-12T15:22:05","date_gmt":"2025-04-12T20:22:05","guid":{"rendered":"https:\/\/elmercuriomanta.ec\/?p=40849"},"modified":"2025-04-12T15:22:05","modified_gmt":"2025-04-12T20:22:05","slug":"temor-ciudadano-por-secuestros-que-no-son-denunciados","status":"publish","type":"post","link":"https:\/\/elmercuriomanta.ec\/index.php\/2025\/04\/12\/temor-ciudadano-por-secuestros-que-no-son-denunciados\/","title":{"rendered":"Temor Ciudadano por Secuestros que No Son Denunciados"},"content":{"rendered":"\n<figure class=\"wp-block-image aligncenter size-full is-resized\"><img fetchpriority=\"high\" decoding=\"async\" width=\"300\" height=\"168\" src=\"https:\/\/elmercuriomanta.ec\/wp-content\/uploads\/2025\/04\/image-177.png\" alt=\"\" class=\"wp-image-40850\" style=\"width:488px;height:auto\"\/><\/figure>\n\n\n\n<p>En los habitantes de Jaramij\u00f3 hay preocupaci\u00f3n por el aumento de secuestro a ciudadanos y del sector pesquero artesanal. En las redes sociales circulan videos de jaramijenses que han sido raptados por antisociales. Mercedes (nombre protegido), quien vive en la zona baja de Jaramij\u00f3, denunci\u00f3 verbalmente que su hijo y dos amigos tienen una semana de desaparecido. Ella reconoce que no ha denunciado el caso por temor a represalia.<\/p>\n\n\n\n<p>\u201cNos llamaron una vez para amenazarnos y hasta ahora no sabemos nada de ellos\u201d, dijo la mujer que tambi\u00e9n teme por su vida. La semana pasada fue secuestrado un jaramijense y su hija. Los delincuentes ingresaron a su vivienda vestidos de militares. Posteriormente fueron rescatados en una vivienda en el sitio Mejia, de la v\u00eda Portoviejo \u2013 Crucita. Tanto el secuestro como el rescate se viraliz\u00f3 en las redes sociales. Asimismo, familias de Eloy Alfaro son v\u00edctima de extorsi\u00f3n de grupos delincuenciales que son de Jaramij\u00f3. Tampoco se denuncian estos casos.<\/p>\n\n\n\n<p><\/p>\n","protected":false},"excerpt":{"rendered":"<p>En los habitantes de Jaramij\u00f3 hay preocupaci\u00f3n por el aumento de secuestro a ciudadanos y del sector pesquero artesanal. En las redes sociales circulan videos de jaramijenses que han sido raptados por antisociales. Mercedes (nombre protegido), quien vive en la zona baja de Jaramij\u00f3, denunci\u00f3 verbalmente que su hijo y dos amigos tienen una semana de desaparecido. Ella reconoce que no ha denunciado el caso por temor a represalia.<\/p>\n<p>\u201cNos llamaron una vez para amenazarnos y hasta ahora no sabemos nada de ellos\u201d, dijo la mujer que tambi\u00e9n teme por su vida. La semana pasada fue secuestrado un jaramijense y su hija. Los delincuentes ingresaron a su vivienda vestidos de militares. Posteriormente fueron rescatados en una vivienda en el sitio Mejia, de la v\u00eda Portoviejo \u2013 Crucita. Tanto el secuestro como el rescate se viraliz\u00f3 en las redes sociales. Asimismo, familias de Eloy Alfaro son v\u00edctima de extorsi\u00f3n de grupos delincuenciales que son de Jaramij\u00f3. Tampoco se denuncian estos casos.<\/p>\n","protected":false},"author":12,"featured_media":40850,"comment_status":"open","ping_status":"open","sticky":false,"template":"","format":"standard","meta":{"footnotes":""},"categories":[1],"tags":[29],"class_list":["post-40849","post","type-post","status-publish","format-standard","has-post-thumbnail","hentry","category-uncategorized","tag-manabi"],"_links":{"self":[{"href":"https:\/\/elmercuriomanta.ec\/index.php\/wp-json\/wp\/v2\/posts\/40849","targetHints":{"allow":["GET"]}}],"collection":[{"href":"https:\/\/elmercuriomanta.ec\/index.php\/wp-json\/wp\/v2\/posts"}],"about":[{"href":"https:\/\/elmercuriomanta.ec\/index.php\/wp-json\/wp\/v2\/types\/post"}],"author":[{"embeddable":true,"href":"https:\/\/elmercuriomanta.ec\/index.php\/wp-json\/wp\/v2\/users\/12"}],"replies":[{"embeddable":true,"href":"https:\/\/elmercuriomanta.ec\/index.php\/wp-json\/wp\/v2\/comments?post=40849"}],"version-history":[{"count":1,"href":"https:\/\/elmercuriomanta.ec\/index.php\/wp-json\/wp\/v2\/posts\/40849\/revisions"}],"predecessor-version":[{"id":40851,"href":"https:\/\/elmercuriomanta.ec\/index.php\/wp-json\/wp\/v2\/posts\/40849\/revisions\/40851"}],"wp:featuredmedia":[{"embeddable":true,"href":"https:\/\/elmercuriomanta.ec\/index.php\/wp-json\/wp\/v2\/media\/40850"}],"wp:attachment":[{"href":"https:\/\/elmercuriomanta.ec\/index.php\/wp-json\/wp\/v2\/media?parent=40849"}],"wp:term":[{"taxonomy":"category","embeddable":true,"href":"https:\/\/elmercuriomanta.ec\/index.php\/wp-json\/wp\/v2\/categories?post=40849"},{"taxonomy":"post_tag","embeddable":true,"href":"https:\/\/elmercuriomanta.ec\/index.php\/wp-json\/wp\/v2\/tags?post=40849"}],"curies":[{"name":"wp","href":"https:\/\/api.w.org\/{rel}","templated":true}]}}