{"id":40795,"date":"2025-04-12T11:14:57","date_gmt":"2025-04-12T16:14:57","guid":{"rendered":"https:\/\/elmercuriomanta.ec\/?p=40795"},"modified":"2025-04-12T11:14:57","modified_gmt":"2025-04-12T16:14:57","slug":"manabi-via-del-cerro-de-junin-inhabilitada-por-deslizamientos-de-tierra","status":"publish","type":"post","link":"https:\/\/elmercuriomanta.ec\/index.php\/2025\/04\/12\/manabi-via-del-cerro-de-junin-inhabilitada-por-deslizamientos-de-tierra\/","title":{"rendered":"Manab\u00ed: V\u00eda del Cerro de Jun\u00edn Inhabilitada por Deslizamientos de Tierra"},"content":{"rendered":"\n<figure class=\"wp-block-image aligncenter size-full is-resized\"><img fetchpriority=\"high\" decoding=\"async\" width=\"348\" height=\"220\" src=\"https:\/\/elmercuriomanta.ec\/wp-content\/uploads\/2025\/04\/image-161.png\" alt=\"\" class=\"wp-image-40799\" style=\"width:512px;height:auto\" srcset=\"https:\/\/elmercuriomanta.ec\/wp-content\/uploads\/2025\/04\/image-161.png 348w, https:\/\/elmercuriomanta.ec\/wp-content\/uploads\/2025\/04\/image-161-300x190.png 300w\" sizes=\"(max-width: 348px) 100vw, 348px\" \/><\/figure>\n\n\n\n<p>Las intensas lluvias registradas la madrugada de este jueves 11 de abril, provocaron un nuevo deslizamiento de tierra en el cerro de Jun\u00edn, lo que oblig\u00f3 al cierre total de esta v\u00eda, parte de la ruta estatal E384. La emergencia fue confirmada por el Cabildo de Jun\u00edn a trav\u00e9s de sus redes sociales oficiales. Las im\u00e1genes difundidas muestran c\u00f3mo el lodo y el fango han cubierto gran parte de la calzada, dificultando completamente el tr\u00e1nsito vehicular. A pesar del riesgo, se observ\u00f3 a ciudadanos realizando esfuerzos para trasladar en peso motocicletas y veh\u00edculos livianos con el objetivo de continuar su trayecto.<\/p>\n\n\n\n<p>Una zona golpeada por el invierno La v\u00eda del cerro de Jun\u00edn conecta a los cantones Portoviejo, Jun\u00edn y Bol\u00edvar, y es considerada una de las arterias m\u00e1s afectadas por el actual temporal invernal en la provincia de Manab\u00ed. Esta no es la primera vez que sufre afectaciones: el pasado 21 de marzo, a la altura del kil\u00f3metro 42, al menos 300 metros de calzada colapsaron, generando alarma entre los habitantes del sector. Desde la Alcald\u00eda de Jun\u00edn se ha exhortado a los conductores a tomar rutas alternas y mantenerse informados a trav\u00e9s de los canales oficiales mientras se eval\u00faan los da\u00f1os y se ejecutan los trabajos de rehabilitaci\u00f3n. Las autoridades contin\u00faan monitoreando la situaci\u00f3n ante la posibilidad de nuevos deslizamientos debido a la saturaci\u00f3n del suelo por las constantes lluvias.<\/p>\n","protected":false},"excerpt":{"rendered":"<p>Las intensas lluvias registradas la madrugada de este jueves 11 de abril, provocaron un nuevo deslizamiento de tierra en el cerro de Jun\u00edn, lo que oblig\u00f3 al cierre total de esta v\u00eda, parte de la ruta estatal E384. La emergencia fue confirmada por el Cabildo de Jun\u00edn a trav\u00e9s de sus redes sociales oficiales. Las im\u00e1genes difundidas muestran c\u00f3mo el lodo y el fango han cubierto gran parte de la calzada, dificultando completamente el tr\u00e1nsito vehicular. A pesar del riesgo, se observ\u00f3 a ciudadanos realizando esfuerzos para trasladar en peso motocicletas y veh\u00edculos livianos con el objetivo de continuar su trayecto.<\/p>\n<p>Una zona golpeada por el invierno La v\u00eda del cerro de Jun\u00edn conecta a los cantones Portoviejo, Jun\u00edn y Bol\u00edvar, y es considerada una de las arterias m\u00e1s afectadas por el actual temporal invernal en la provincia de Manab\u00ed. Esta no es la primera vez que sufre afectaciones: el pasado 21 de marzo, a la altura del kil\u00f3metro 42, al menos 300 metros de calzada colapsaron, generando alarma entre los habitantes del sector. Desde la Alcald\u00eda de Jun\u00edn se ha exhortado a los conductores a tomar rutas alternas y mantenerse informados a trav\u00e9s de los canales oficiales mientras se eval\u00faan los da\u00f1os y se ejecutan los trabajos de rehabilitaci\u00f3n. Las autoridades contin\u00faan monitoreando la situaci\u00f3n ante la posibilidad de nuevos deslizamientos debido a la saturaci\u00f3n del suelo por las constantes lluvias.<\/p>\n","protected":false},"author":12,"featured_media":40799,"comment_status":"open","ping_status":"open","sticky":false,"template":"","format":"standard","meta":{"footnotes":""},"categories":[1],"tags":[29],"class_list":["post-40795","post","type-post","status-publish","format-standard","has-post-thumbnail","hentry","category-uncategorized","tag-manabi"],"_links":{"self":[{"href":"https:\/\/elmercuriomanta.ec\/index.php\/wp-json\/wp\/v2\/posts\/40795","targetHints":{"allow":["GET"]}}],"collection":[{"href":"https:\/\/elmercuriomanta.ec\/index.php\/wp-json\/wp\/v2\/posts"}],"about":[{"href":"https:\/\/elmercuriomanta.ec\/index.php\/wp-json\/wp\/v2\/types\/post"}],"author":[{"embeddable":true,"href":"https:\/\/elmercuriomanta.ec\/index.php\/wp-json\/wp\/v2\/users\/12"}],"replies":[{"embeddable":true,"href":"https:\/\/elmercuriomanta.ec\/index.php\/wp-json\/wp\/v2\/comments?post=40795"}],"version-history":[{"count":1,"href":"https:\/\/elmercuriomanta.ec\/index.php\/wp-json\/wp\/v2\/posts\/40795\/revisions"}],"predecessor-version":[{"id":40800,"href":"https:\/\/elmercuriomanta.ec\/index.php\/wp-json\/wp\/v2\/posts\/40795\/revisions\/40800"}],"wp:featuredmedia":[{"embeddable":true,"href":"https:\/\/elmercuriomanta.ec\/index.php\/wp-json\/wp\/v2\/media\/40799"}],"wp:attachment":[{"href":"https:\/\/elmercuriomanta.ec\/index.php\/wp-json\/wp\/v2\/media?parent=40795"}],"wp:term":[{"taxonomy":"category","embeddable":true,"href":"https:\/\/elmercuriomanta.ec\/index.php\/wp-json\/wp\/v2\/categories?post=40795"},{"taxonomy":"post_tag","embeddable":true,"href":"https:\/\/elmercuriomanta.ec\/index.php\/wp-json\/wp\/v2\/tags?post=40795"}],"curies":[{"name":"wp","href":"https:\/\/api.w.org\/{rel}","templated":true}]}}