{"id":40691,"date":"2025-04-11T11:50:47","date_gmt":"2025-04-11T16:50:47","guid":{"rendered":"https:\/\/elmercuriomanta.ec\/?p=40691"},"modified":"2025-04-11T11:50:47","modified_gmt":"2025-04-11T16:50:47","slug":"prefectura-de-manabi-retoma-administracion-de-la-via-portoviejo-montecristi-tras-medida-cautelar","status":"publish","type":"post","link":"https:\/\/elmercuriomanta.ec\/index.php\/2025\/04\/11\/prefectura-de-manabi-retoma-administracion-de-la-via-portoviejo-montecristi-tras-medida-cautelar\/","title":{"rendered":"Prefectura de Manab\u00ed retoma administraci\u00f3n de la v\u00eda Portoviejo-Montecristi tras medida cautelar"},"content":{"rendered":"\n<p><\/p>\n\n\n\n<figure class=\"wp-block-image aligncenter size-large is-resized\"><img fetchpriority=\"high\" decoding=\"async\" width=\"1024\" height=\"569\" src=\"https:\/\/elmercuriomanta.ec\/wp-content\/uploads\/2025\/04\/image-142-1024x569.png\" alt=\"\" class=\"wp-image-40692\" style=\"width:320px;height:auto\" srcset=\"https:\/\/elmercuriomanta.ec\/wp-content\/uploads\/2025\/04\/image-142-1024x569.png 1024w, https:\/\/elmercuriomanta.ec\/wp-content\/uploads\/2025\/04\/image-142-300x167.png 300w, https:\/\/elmercuriomanta.ec\/wp-content\/uploads\/2025\/04\/image-142-768x427.png 768w, https:\/\/elmercuriomanta.ec\/wp-content\/uploads\/2025\/04\/image-142.png 1170w\" sizes=\"(max-width: 1024px) 100vw, 1024px\" \/><\/figure>\n\n\n\n<p><\/p>\n\n\n\n<p>A trav\u00e9s de sus redes sociales, el prefecto de Manab\u00ed, Leonardo Orlando, inform\u00f3 este jueves que un juez constitucional acept\u00f3 la medida cautelar solicitada, con la cual se ordena <strong>la suspensi\u00f3n provisional e inmediata de la resoluci\u00f3n de terminaci\u00f3n de la delegaci\u00f3n<\/strong>, emitida el pasado 2 de abril de 2025.<\/p>\n\n\n\n<p><a href=\"https:\/\/www.facebook.com\/share\/v\/16JPSqkqjC\">https:\/\/www.facebook.com\/share\/v\/16JPSqkqjC<\/a><\/p>\n\n\n\n<p>Esta medida estar\u00e1 vigente hasta que se resuelva, mediante sentencia, la acci\u00f3n de protecci\u00f3n interpuesta, con el fin de garantizar el derecho al trabajo. En consecuencia, <strong>a partir de este viernes<\/strong>, la Prefectura de Manab\u00ed retoma la administraci\u00f3n de la v\u00eda <strong>Portoviejo &#8211; Montecristi<\/strong>, bajo el convenio de delegaci\u00f3n suscrito con el Ministerio de Transporte y Obras P\u00fablicas (MTOP), y ejecutado a trav\u00e9s de la empresa p\u00fablica <strong>Manab\u00ed Vial EP<\/strong>.<\/p>\n\n\n\n<p>Orlando tambi\u00e9n anunci\u00f3 que <strong>la audiencia para la acci\u00f3n de protecci\u00f3n se realizar\u00e1 el pr\u00f3ximo 15 de abril<\/strong>.<\/p>\n\n\n\n<figure class=\"wp-block-embed is-type-rich is-provider-twitter wp-block-embed-twitter\"><div class=\"wp-block-embed__wrapper\">\n<blockquote class=\"twitter-tweet\" data-width=\"550\" data-dnt=\"true\"><p lang=\"es\" dir=\"ltr\">\ud83d\udccc<a href=\"https:\/\/twitter.com\/hashtag\/Comunicado?src=hash&amp;ref_src=twsrc%5Etfw\">#Comunicado<\/a> | La Prefectura retoma el cobro de peaje tras medida cautelar. El MTOP acata la decisi\u00f3n judicial, pero reafirma su compromiso de defender al usuario. <a href=\"https:\/\/t.co\/Sw08hicMvi\">pic.twitter.com\/Sw08hicMvi<\/a><\/p>&mdash; Ministerio de Transporte y Obras P\u00fablicas \ud83c\uddea\ud83c\udde8 (@ObrasPublicasEc) <a href=\"https:\/\/twitter.com\/ObrasPublicasEc\/status\/1910703302586597477?ref_src=twsrc%5Etfw\">April 11, 2025<\/a><\/blockquote><script async src=\"https:\/\/platform.twitter.com\/widgets.js\" charset=\"utf-8\"><\/script>\n<\/div><\/figure>\n\n\n\n<p>Por su parte, el MTOP inform\u00f3 este viernes, mediante un comunicado oficial, que <strong>acata la decisi\u00f3n judicial y confirma que la Prefectura vuelve a encargarse del cobro de peaje en la v\u00eda<\/strong>. No obstante, la cartera de Estado reiter\u00f3 su compromiso de defender los intereses de los usuarios.<\/p>\n\n\n\n<p><\/p>\n","protected":false},"excerpt":{"rendered":"<p>A trav\u00e9s de sus redes sociales, el prefecto de Manab\u00ed, Leonardo Orlando, inform\u00f3 este jueves que un juez constitucional acept\u00f3 la medida cautelar solicitada, con la cual se ordena la suspensi\u00f3n provisional e inmediata de la resoluci\u00f3n de terminaci\u00f3n de la delegaci\u00f3n, emitida el pasado 2 de abril de 2025.<\/p>\n","protected":false},"author":14,"featured_media":40692,"comment_status":"open","ping_status":"open","sticky":false,"template":"","format":"standard","meta":{"footnotes":""},"categories":[20,83,1],"tags":[29],"class_list":["post-40691","post","type-post","status-publish","format-standard","has-post-thumbnail","hentry","category-portada-2","category-sucesos","category-uncategorized","tag-manabi"],"_links":{"self":[{"href":"https:\/\/elmercuriomanta.ec\/index.php\/wp-json\/wp\/v2\/posts\/40691","targetHints":{"allow":["GET"]}}],"collection":[{"href":"https:\/\/elmercuriomanta.ec\/index.php\/wp-json\/wp\/v2\/posts"}],"about":[{"href":"https:\/\/elmercuriomanta.ec\/index.php\/wp-json\/wp\/v2\/types\/post"}],"author":[{"embeddable":true,"href":"https:\/\/elmercuriomanta.ec\/index.php\/wp-json\/wp\/v2\/users\/14"}],"replies":[{"embeddable":true,"href":"https:\/\/elmercuriomanta.ec\/index.php\/wp-json\/wp\/v2\/comments?post=40691"}],"version-history":[{"count":1,"href":"https:\/\/elmercuriomanta.ec\/index.php\/wp-json\/wp\/v2\/posts\/40691\/revisions"}],"predecessor-version":[{"id":40694,"href":"https:\/\/elmercuriomanta.ec\/index.php\/wp-json\/wp\/v2\/posts\/40691\/revisions\/40694"}],"wp:featuredmedia":[{"embeddable":true,"href":"https:\/\/elmercuriomanta.ec\/index.php\/wp-json\/wp\/v2\/media\/40692"}],"wp:attachment":[{"href":"https:\/\/elmercuriomanta.ec\/index.php\/wp-json\/wp\/v2\/media?parent=40691"}],"wp:term":[{"taxonomy":"category","embeddable":true,"href":"https:\/\/elmercuriomanta.ec\/index.php\/wp-json\/wp\/v2\/categories?post=40691"},{"taxonomy":"post_tag","embeddable":true,"href":"https:\/\/elmercuriomanta.ec\/index.php\/wp-json\/wp\/v2\/tags?post=40691"}],"curies":[{"name":"wp","href":"https:\/\/api.w.org\/{rel}","templated":true}]}}