{"id":40620,"date":"2025-04-10T10:52:17","date_gmt":"2025-04-10T15:52:17","guid":{"rendered":"https:\/\/elmercuriomanta.ec\/?p=40620"},"modified":"2025-04-10T10:53:32","modified_gmt":"2025-04-10T15:53:32","slug":"rescate-heroico-en-chone","status":"publish","type":"post","link":"https:\/\/elmercuriomanta.ec\/index.php\/2025\/04\/10\/rescate-heroico-en-chone\/","title":{"rendered":"Rescate heroico en Chone"},"content":{"rendered":"\n<figure class=\"wp-block-image aligncenter size-large is-resized\"><img fetchpriority=\"high\" decoding=\"async\" width=\"1024\" height=\"1024\" src=\"https:\/\/elmercuriomanta.ec\/wp-content\/uploads\/2025\/04\/GoGOCUCWYAAC8HN-1024x1024.jpg\" alt=\"\" class=\"wp-image-40621\" style=\"width:328px;height:auto\" srcset=\"https:\/\/elmercuriomanta.ec\/wp-content\/uploads\/2025\/04\/GoGOCUCWYAAC8HN-1024x1024.jpg 1024w, https:\/\/elmercuriomanta.ec\/wp-content\/uploads\/2025\/04\/GoGOCUCWYAAC8HN-300x300.jpg 300w, https:\/\/elmercuriomanta.ec\/wp-content\/uploads\/2025\/04\/GoGOCUCWYAAC8HN-150x150.jpg 150w, https:\/\/elmercuriomanta.ec\/wp-content\/uploads\/2025\/04\/GoGOCUCWYAAC8HN-768x768.jpg 768w, https:\/\/elmercuriomanta.ec\/wp-content\/uploads\/2025\/04\/GoGOCUCWYAAC8HN-1536x1536.jpg 1536w, https:\/\/elmercuriomanta.ec\/wp-content\/uploads\/2025\/04\/GoGOCUCWYAAC8HN.jpg 1600w\" sizes=\"(max-width: 1024px) 100vw, 1024px\" \/><\/figure>\n\n\n\n<p>En Manab\u00ed, las Fuerzas Armadas del Ecuador llevaron a cabo una operaci\u00f3n de rescate exitosa en el sector Aposote, cant\u00f3n Chone, en coordinaci\u00f3n con el Cuerpo de Bomberos de la localidad, luego del accidente ocurrido en una rancher\u00eda de la cooperativa Flavio Alfaro.<\/p>\n\n\n\n<p>Gracias a la capacitaci\u00f3n especializada en t\u00e9cnicas de b\u00fasqueda y rescate de los efectivos militares, se logr\u00f3 salvar a varios ciudadanos heridos, quienes fueron evacuados de manera oportuna y puestos a salvo. Adem\u00e1s, durante la operaci\u00f3n se recuperaron los cuerpos de las v\u00edctimas fatales, lo que permiti\u00f3 brindar un cierre digno a la intervenci\u00f3n.<\/p>\n\n\n\n<figure class=\"wp-block-embed is-type-rich is-provider-twitter wp-block-embed-twitter\"><div class=\"wp-block-embed__wrapper\">\n<blockquote class=\"twitter-tweet\" data-width=\"550\" data-dnt=\"true\"><p lang=\"es\" dir=\"ltr\">\ud83d\udea8 OPERACI\u00d3N DE RESCATE EXITOSA EN CHONE <br><br>\ud83d\udccc <a href=\"https:\/\/twitter.com\/hashtag\/Manab%C3%AD?src=hash&amp;ref_src=twsrc%5Etfw\">#Manab\u00ed<\/a> | Las Fuerzas Armadas del Ecuador realizaron una exitosa operaci\u00f3n de rescate en el sector Aposote, cant\u00f3n <a href=\"https:\/\/twitter.com\/hashtag\/Chone?src=hash&amp;ref_src=twsrc%5Etfw\">#Chone<\/a>, en apoyo al Cuerpo de Bomberos de la localidad, tras el accidente ocurrido en una rancher\u00eda de la cooperativa\u2026 <a href=\"https:\/\/t.co\/9clo4PXw85\">pic.twitter.com\/9clo4PXw85<\/a><\/p>&mdash; Fuerzas Armadas del Ecuador (@FFAAECUADOR) <a href=\"https:\/\/twitter.com\/FFAAECUADOR\/status\/1910347038111473738?ref_src=twsrc%5Etfw\">April 10, 2025<\/a><\/blockquote><script async src=\"https:\/\/platform.twitter.com\/widgets.js\" charset=\"utf-8\"><\/script>\n<\/div><\/figure>\n\n\n\n<p>La operaci\u00f3n ha sido destacada por su coordinaci\u00f3n interinstitucional y eficacia, resaltando el compromiso de las Fuerzas Armadas en apoyar a la comunidad de Chone en momentos cr\u00edticos.<\/p>\n\n\n\n<p><\/p>\n","protected":false},"excerpt":{"rendered":"<p>En Manab\u00ed, las Fuerzas Armadas del Ecuador llevaron a cabo una operaci\u00f3n de rescate exitosa en el sector Aposote, cant\u00f3n Chone, en coordinaci\u00f3n con el Cuerpo de Bomberos de la localidad, luego del accidente ocurrido en una rancher\u00eda de la cooperativa Flavio Alfaro.<\/p>\n","protected":false},"author":14,"featured_media":40621,"comment_status":"open","ping_status":"open","sticky":false,"template":"","format":"standard","meta":{"footnotes":""},"categories":[21,1],"tags":[29],"class_list":["post-40620","post","type-post","status-publish","format-standard","has-post-thumbnail","hentry","category-noticia-del-dia","category-uncategorized","tag-manabi"],"_links":{"self":[{"href":"https:\/\/elmercuriomanta.ec\/index.php\/wp-json\/wp\/v2\/posts\/40620","targetHints":{"allow":["GET"]}}],"collection":[{"href":"https:\/\/elmercuriomanta.ec\/index.php\/wp-json\/wp\/v2\/posts"}],"about":[{"href":"https:\/\/elmercuriomanta.ec\/index.php\/wp-json\/wp\/v2\/types\/post"}],"author":[{"embeddable":true,"href":"https:\/\/elmercuriomanta.ec\/index.php\/wp-json\/wp\/v2\/users\/14"}],"replies":[{"embeddable":true,"href":"https:\/\/elmercuriomanta.ec\/index.php\/wp-json\/wp\/v2\/comments?post=40620"}],"version-history":[{"count":2,"href":"https:\/\/elmercuriomanta.ec\/index.php\/wp-json\/wp\/v2\/posts\/40620\/revisions"}],"predecessor-version":[{"id":40626,"href":"https:\/\/elmercuriomanta.ec\/index.php\/wp-json\/wp\/v2\/posts\/40620\/revisions\/40626"}],"wp:featuredmedia":[{"embeddable":true,"href":"https:\/\/elmercuriomanta.ec\/index.php\/wp-json\/wp\/v2\/media\/40621"}],"wp:attachment":[{"href":"https:\/\/elmercuriomanta.ec\/index.php\/wp-json\/wp\/v2\/media?parent=40620"}],"wp:term":[{"taxonomy":"category","embeddable":true,"href":"https:\/\/elmercuriomanta.ec\/index.php\/wp-json\/wp\/v2\/categories?post=40620"},{"taxonomy":"post_tag","embeddable":true,"href":"https:\/\/elmercuriomanta.ec\/index.php\/wp-json\/wp\/v2\/tags?post=40620"}],"curies":[{"name":"wp","href":"https:\/\/api.w.org\/{rel}","templated":true}]}}