{"id":40550,"date":"2025-04-09T09:53:00","date_gmt":"2025-04-09T14:53:00","guid":{"rendered":"https:\/\/elmercuriomanta.ec\/?p=40550"},"modified":"2025-04-09T09:56:33","modified_gmt":"2025-04-09T14:56:33","slug":"los-presuntamente-implicados-en-el-asesinato-de-cinco-guias-penitenciarios-fueron-detenidos","status":"publish","type":"post","link":"https:\/\/elmercuriomanta.ec\/index.php\/2025\/04\/09\/los-presuntamente-implicados-en-el-asesinato-de-cinco-guias-penitenciarios-fueron-detenidos\/","title":{"rendered":"Los presuntamente implicados en el asesinato de cinco gu\u00edas penitenciarios fueron detenidos"},"content":{"rendered":"\n<figure class=\"wp-block-image aligncenter size-large is-resized\"><img fetchpriority=\"high\" decoding=\"async\" width=\"819\" height=\"1024\" src=\"https:\/\/elmercuriomanta.ec\/wp-content\/uploads\/2025\/04\/GoGL0gjXkAEIzhi-819x1024.jpg\" alt=\"\" class=\"wp-image-40553\" style=\"width:196px;height:auto\" srcset=\"https:\/\/elmercuriomanta.ec\/wp-content\/uploads\/2025\/04\/GoGL0gjXkAEIzhi-819x1024.jpg 819w, https:\/\/elmercuriomanta.ec\/wp-content\/uploads\/2025\/04\/GoGL0gjXkAEIzhi-240x300.jpg 240w, https:\/\/elmercuriomanta.ec\/wp-content\/uploads\/2025\/04\/GoGL0gjXkAEIzhi-768x960.jpg 768w, https:\/\/elmercuriomanta.ec\/wp-content\/uploads\/2025\/04\/GoGL0gjXkAEIzhi-1229x1536.jpg 1229w, https:\/\/elmercuriomanta.ec\/wp-content\/uploads\/2025\/04\/GoGL0gjXkAEIzhi.jpg 1638w\" sizes=\"(max-width: 819px) 100vw, 819px\" \/><\/figure>\n\n\n\n<p> La Polic\u00eda Nacional, en coordinaci\u00f3n con sus unidades investigativas, llev\u00f3 a cabo un importante operativo en Portoviejo, que culmin\u00f3 con la aprehensi\u00f3n de cuatro sujetos, presuntamente implicados en el asesinato de cinco gu\u00edas penitenciarios.<\/p>\n\n\n\n<p>Seg\u00fan inform\u00f3 la instituci\u00f3n, la intervenci\u00f3n se desarroll\u00f3 en un sector de la capital manabita. En una vivienda del barrio San Jos\u00e9, fueron arrestados los ciudadanos ecuatorianos Anthony Jordan Alc\u00edvar Garc\u00eda y Junior Javier Castro Bravo, quienes estar\u00edan relacionados con el doble homicidio de los esposos Jonathan Roberto Gamboa Romero y Gisella Caicedo Mancilla.<\/p>\n\n\n\n<p>En la misma residencia tambi\u00e9n fueron capturados Anthony Omar Hern\u00e1ndez Goyes y Jefferson Francisco Flores Salvatierra, quienes estar\u00edan involucrados en los asesinatos de Gabriel Marcelo Calle Contreras, Jhoan Stiven Caisa Simba\u00f1a y Richard Andr\u00e9s Benenaula Monta\u00f1o.<\/p>\n\n\n\n<figure class=\"wp-block-embed is-type-rich is-provider-twitter wp-block-embed-twitter\"><div class=\"wp-block-embed__wrapper\">\n<blockquote class=\"twitter-tweet\" data-width=\"550\" data-dnt=\"true\"><p lang=\"es\" dir=\"ltr\">\ud83d\udea84 \ud835\uddee\ud835\uddfd\ud835\uddff\ud835\uddf2\ud835\uddf5\ud835\uddf2\ud835\uddfb\ud835\uddf1\ud835\uddf6\ud835\uddf1\ud835\uddfc\ud835\ude00 \ud835\uddfd\ud835\uddfc\ud835\uddff \ud835\uddfd\ud835\uddff\ud835\uddf2\ud835\ude00\ud835\ude02\ud835\uddfb\ud835\ude01\ud835\uddee \ud835\uddfd\ud835\uddee\ud835\uddff\ud835\ude01\ud835\uddf6\ud835\uddf0\ud835\uddf6\ud835\uddfd\ud835\uddee\ud835\uddf0\ud835\uddf6\u00f3\ud835\uddfb \ud835\uddf2\ud835\uddfb \ud835\uddf2\ud835\uddf9 \ud835\uddee\ud835\ude00\ud835\uddf2\ud835\ude00\ud835\uddf6\ud835\uddfb\ud835\uddee\ud835\ude01\ud835\uddfc \ud835\uddf1\ud835\uddf2 \ud835\uddf0\ud835\uddf6\ud835\uddfb\ud835\uddf0\ud835\uddfc \ud835\uddf4\ud835\ude02\u00ed\ud835\uddee\ud835\ude00 \ud835\uddfd\ud835\uddf2\ud835\uddfb\ud835\uddf6\ud835\ude01\ud835\uddf2\ud835\uddfb\ud835\uddf0\ud835\uddf6\ud835\uddee\ud835\uddff\ud835\uddf6\ud835\uddfc\ud835\ude00\ud83d\udea8<br><br>Manab\u00ed &#8211; Portoviejo \ud83d\udccd La <a href=\"https:\/\/twitter.com\/PoliciaEcuador?ref_src=twsrc%5Etfw\">@PoliciaEcuador<\/a>, a trav\u00e9s de la DINASED y ULCO,  tras el asesinato de cinco gu\u00edas\u2026 <a href=\"https:\/\/t.co\/FnDLmMqR0L\">pic.twitter.com\/FnDLmMqR0L<\/a><\/p>&mdash; Ministerio del Interior Ecuador \ud83c\uddea\ud83c\udde8 (@MinInteriorEc) <a href=\"https:\/\/twitter.com\/MinInteriorEc\/status\/1909961968770785762?ref_src=twsrc%5Etfw\">April 9, 2025<\/a><\/blockquote><script async src=\"https:\/\/platform.twitter.com\/widgets.js\" charset=\"utf-8\"><\/script>\n<\/div><\/figure>\n\n\n\n<p>Los detenidos ser\u00edan presuntos miembros de un Grupo de Delincuencia Organizada que opera en la provincia. Todos registran antecedentes por delitos como asociaci\u00f3n il\u00edcita, robo y porte ilegal de armas, entre otros.<\/p>\n\n\n\n<p>Durante el allanamiento, la Polic\u00eda encontr\u00f3 evidencia clave como prendas de vestir utilizadas durante los cr\u00edmenes, cascos y varios objetos m\u00e1s.<\/p>\n\n\n\n<p><\/p>\n","protected":false},"excerpt":{"rendered":"<p>La Polic\u00eda Nacional, en coordinaci\u00f3n con sus unidades investigativas, llev\u00f3 a cabo un importante operativo en Portoviejo, que culmin\u00f3 con la aprehensi\u00f3n de cuatro sujetos, presuntamente implicados en el asesinato de cinco gu\u00edas penitenciarios.<\/p>\n","protected":false},"author":14,"featured_media":40553,"comment_status":"open","ping_status":"open","sticky":false,"template":"","format":"standard","meta":{"footnotes":""},"categories":[16,1],"tags":[91],"class_list":["post-40550","post","type-post","status-publish","format-standard","has-post-thumbnail","hentry","category-cronica","category-uncategorized","tag-cronica"],"_links":{"self":[{"href":"https:\/\/elmercuriomanta.ec\/index.php\/wp-json\/wp\/v2\/posts\/40550","targetHints":{"allow":["GET"]}}],"collection":[{"href":"https:\/\/elmercuriomanta.ec\/index.php\/wp-json\/wp\/v2\/posts"}],"about":[{"href":"https:\/\/elmercuriomanta.ec\/index.php\/wp-json\/wp\/v2\/types\/post"}],"author":[{"embeddable":true,"href":"https:\/\/elmercuriomanta.ec\/index.php\/wp-json\/wp\/v2\/users\/14"}],"replies":[{"embeddable":true,"href":"https:\/\/elmercuriomanta.ec\/index.php\/wp-json\/wp\/v2\/comments?post=40550"}],"version-history":[{"count":3,"href":"https:\/\/elmercuriomanta.ec\/index.php\/wp-json\/wp\/v2\/posts\/40550\/revisions"}],"predecessor-version":[{"id":40554,"href":"https:\/\/elmercuriomanta.ec\/index.php\/wp-json\/wp\/v2\/posts\/40550\/revisions\/40554"}],"wp:featuredmedia":[{"embeddable":true,"href":"https:\/\/elmercuriomanta.ec\/index.php\/wp-json\/wp\/v2\/media\/40553"}],"wp:attachment":[{"href":"https:\/\/elmercuriomanta.ec\/index.php\/wp-json\/wp\/v2\/media?parent=40550"}],"wp:term":[{"taxonomy":"category","embeddable":true,"href":"https:\/\/elmercuriomanta.ec\/index.php\/wp-json\/wp\/v2\/categories?post=40550"},{"taxonomy":"post_tag","embeddable":true,"href":"https:\/\/elmercuriomanta.ec\/index.php\/wp-json\/wp\/v2\/tags?post=40550"}],"curies":[{"name":"wp","href":"https:\/\/api.w.org\/{rel}","templated":true}]}}