{"id":4039,"date":"2023-08-14T10:44:24","date_gmt":"2023-08-14T15:44:24","guid":{"rendered":"https:\/\/elmercuriomanta.ec\/?p=4039"},"modified":"2023-08-14T10:57:41","modified_gmt":"2023-08-14T15:57:41","slug":"los-comisionados-del-fbi-ya-estan-en-quito","status":"publish","type":"post","link":"https:\/\/elmercuriomanta.ec\/index.php\/2023\/08\/14\/los-comisionados-del-fbi-ya-estan-en-quito\/","title":{"rendered":"Los comisionados del FBI ya est\u00e1n en Quito"},"content":{"rendered":"\n<figure class=\"wp-block-image aligncenter size-full\"><img fetchpriority=\"high\" decoding=\"async\" width=\"444\" height=\"378\" src=\"https:\/\/elmercuriomanta.ec\/wp-content\/uploads\/2023\/08\/image-71.png\" alt=\"\" class=\"wp-image-4040\" srcset=\"https:\/\/elmercuriomanta.ec\/wp-content\/uploads\/2023\/08\/image-71.png 444w, https:\/\/elmercuriomanta.ec\/wp-content\/uploads\/2023\/08\/image-71-300x255.png 300w\" sizes=\"(max-width: 444px) 100vw, 444px\" \/><\/figure>\n\n\n\n<p>La ma\u00f1ana de este domingo 13 de agosto de 2023, las autoridades del Ministerio del Interior y la Polic\u00eda Nacional dieron una rueda de prensa para informar sobre los avances de las investigaciones por la muerte del candidato Fernando Alcibiades Villavicencio Valencia.<\/p>\n\n\n\n<p>El ministro del Interior, Juan Zapata Silva, manifest\u00f3 que en las pr\u00f3ximas horas se reunir\u00e1n con los comisionados del FBI, de Estados Unidos, quienes colaborar\u00e1n en las investigaciones. \u00abEn las pr\u00f3ximas horas habr\u00e1 una reuni\u00f3n tripartita con la Fiscal\u00eda\u00bb.<\/p>\n\n\n\n<p>El comandante de la Polic\u00eda Nacional, general Fausto Salinas Samaniego, inform\u00f3 que los seis presuntos autores materiales del hecho fueron detenidos con rapidez y est\u00e1n bajo \u00f3rdenes de la justicia y custodiados por Servicio Nacional de Atenci\u00f3n Integral a Personas Adultas Privadas de la Libertad y a Adolescentes Infractores (SNAI).<\/p>\n\n\n\n<p>A\u00f1adi\u00f3 que tres polic\u00edas fueron heridos tras el ataque armado registrado, el pasado mi\u00e9rcoles 9 de agosto de 2023, y se recuperan en centros asistenciales de la capital. \u00abEst\u00e1n con tratamiento psicol\u00f3gico y posteriormente evaluaremos su accionar (en el incidente)\u00bb.<\/p>\n\n\n\n<p>El general Freddy Sarzosa, director de la Dinased, est\u00e1 a cargo de las investigaciones. Dijo que se levantaron las evidencias, las cuales son examinadas rigurosamente. El general Alain Luna Villavicencio, director de Investigaciones, dijo que con la colaboraci\u00f3n de Interpol se pidi\u00f3, en Colombia, los antecedentes penales de los seis detenidos.<\/p>\n\n\n\n<div class=\"wp-block-essential-blocks-social\"><div class=\"eb-parent-wrapper eb-parent-eb-social-links-17k8a4z \"><div class=\"eb-social-links-17k8a4z eb-social-links-wrapper\"><ul class=\"eb-socials\"><li><a class=\"facebook-f-original  \" href=\"\/\/www.facebook.com\/YoSoyElMercurio\/?locale=es_LA\" target=\"_blank\" rel=\"noopener\"><i class=\"hvr-icon eb-social-icon fab fa-facebook-f\"><\/i><\/a><\/li><li><a class=\"twitter-original  \" href=\"\/\/twitter.com\/elmercuriomanta\" target=\"_blank\" rel=\"noopener\"><i class=\"hvr-icon eb-social-icon fab fa-twitter\"><\/i><\/a><\/li><li><a class=\"instagram-original  \" href=\"\/\/www.instagram.com\/elmercuriomanta\/?hl=es\" target=\"_blank\" rel=\"noopener\"><i class=\"hvr-icon eb-social-icon fab fa-instagram\"><\/i><\/a><\/li><\/ul><\/div><\/div><\/div>\n","protected":false},"excerpt":{"rendered":"<p>La ma\u00f1ana de este domingo 13 de agosto de 2023, las autoridades del Ministerio del Interior y la Polic\u00eda Nacional dieron una rueda de prensa para informar sobre los avances de las investigaciones por la muerte del candidato Fernando Alcibiades Villavicencio Valencia.<\/p>\n","protected":false},"author":12,"featured_media":4040,"comment_status":"open","ping_status":"open","sticky":false,"template":"","format":"standard","meta":{"footnotes":""},"categories":[20],"tags":[],"class_list":["post-4039","post","type-post","status-publish","format-standard","has-post-thumbnail","hentry","category-portada-2"],"_links":{"self":[{"href":"https:\/\/elmercuriomanta.ec\/index.php\/wp-json\/wp\/v2\/posts\/4039","targetHints":{"allow":["GET"]}}],"collection":[{"href":"https:\/\/elmercuriomanta.ec\/index.php\/wp-json\/wp\/v2\/posts"}],"about":[{"href":"https:\/\/elmercuriomanta.ec\/index.php\/wp-json\/wp\/v2\/types\/post"}],"author":[{"embeddable":true,"href":"https:\/\/elmercuriomanta.ec\/index.php\/wp-json\/wp\/v2\/users\/12"}],"replies":[{"embeddable":true,"href":"https:\/\/elmercuriomanta.ec\/index.php\/wp-json\/wp\/v2\/comments?post=4039"}],"version-history":[{"count":4,"href":"https:\/\/elmercuriomanta.ec\/index.php\/wp-json\/wp\/v2\/posts\/4039\/revisions"}],"predecessor-version":[{"id":4044,"href":"https:\/\/elmercuriomanta.ec\/index.php\/wp-json\/wp\/v2\/posts\/4039\/revisions\/4044"}],"wp:featuredmedia":[{"embeddable":true,"href":"https:\/\/elmercuriomanta.ec\/index.php\/wp-json\/wp\/v2\/media\/4040"}],"wp:attachment":[{"href":"https:\/\/elmercuriomanta.ec\/index.php\/wp-json\/wp\/v2\/media?parent=4039"}],"wp:term":[{"taxonomy":"category","embeddable":true,"href":"https:\/\/elmercuriomanta.ec\/index.php\/wp-json\/wp\/v2\/categories?post=4039"},{"taxonomy":"post_tag","embeddable":true,"href":"https:\/\/elmercuriomanta.ec\/index.php\/wp-json\/wp\/v2\/tags?post=4039"}],"curies":[{"name":"wp","href":"https:\/\/api.w.org\/{rel}","templated":true}]}}