{"id":39865,"date":"2025-04-01T10:02:08","date_gmt":"2025-04-01T15:02:08","guid":{"rendered":"https:\/\/elmercuriomanta.ec\/?p=39865"},"modified":"2025-04-01T10:02:08","modified_gmt":"2025-04-01T15:02:08","slug":"hincha-de-liga-de-quito-que-perdio-el-ojo-exige-justicia-estoy-completamente-sin-un-ojo","status":"publish","type":"post","link":"https:\/\/elmercuriomanta.ec\/index.php\/2025\/04\/01\/hincha-de-liga-de-quito-que-perdio-el-ojo-exige-justicia-estoy-completamente-sin-un-ojo\/","title":{"rendered":"Hincha de Liga de Quito que perdi\u00f3 el ojo exige justicia: \u201cEstoy completamente sin un ojo\u201d \u00a0"},"content":{"rendered":"\n<figure class=\"wp-block-image aligncenter size-large is-resized\"><img fetchpriority=\"high\" decoding=\"async\" width=\"1024\" height=\"512\" src=\"https:\/\/elmercuriomanta.ec\/wp-content\/uploads\/2025\/04\/image-2-1024x512.png\" alt=\"\" class=\"wp-image-39867\" style=\"width:540px;height:auto\" srcset=\"https:\/\/elmercuriomanta.ec\/wp-content\/uploads\/2025\/04\/image-2-1024x512.png 1024w, https:\/\/elmercuriomanta.ec\/wp-content\/uploads\/2025\/04\/image-2-300x150.png 300w, https:\/\/elmercuriomanta.ec\/wp-content\/uploads\/2025\/04\/image-2-768x384.png 768w, https:\/\/elmercuriomanta.ec\/wp-content\/uploads\/2025\/04\/image-2.png 1200w\" sizes=\"(max-width: 1024px) 100vw, 1024px\" \/><\/figure>\n\n\n\n<p>Edison Pilataxi, oriundo de Riobamba y residente en Cuenca, rompi\u00f3 el silencio tras sufrir un lamentable incidente durante el partido entre Deportivo Cuenca y Liga de Quito, disputado el 29 de marzo en el estadio Alejandro Serrano Aguilar.<\/p>\n\n\n\n<p>El hincha albo perdi\u00f3 su ojo derecho debido a un disparo de perdig\u00f3n realizado por la Polic\u00eda Nacional durante un altercado en las gradas, y ahora pide justicia por lo sucedido.<\/p>\n\n\n\n<p>Pilataxi en rueda de prensa dio su versi\u00f3n de los hechos: \u00abYo estaba atr\u00e1s, incluso ten\u00eda a dos ni\u00f1os delante m\u00edo, no hab\u00eda gente en la malla. Cuando hacen el gol, ah\u00ed se lanzan a la malla\u00bb.<\/p>\n\n\n\n<p>\u00abEn el video se ve que al compa\u00f1ero le disparan a quemarropa, yo me doy la vuelta un ratito, y ah\u00ed es cuando sent\u00ed el disparo en el ojo, ese fue el primer impacto\u201d, agreg\u00f3.<\/p>\n\n\n\n<p>\u201cMe encuentro bien, solo pido justicia; la forma de actuar de la Polic\u00eda no fue la correcta\u201d, a\u00f1adi\u00f3.<\/p>\n\n\n\n<p>\u201cSomos hinchas, solo amamos a nuestros equipos, no somos delincuentes, ni todo de lo que nos tachan algunas personas\u201d, finaliz\u00f3.<\/p>\n\n\n\n<h2 class=\"wp-block-heading\"><strong>Comunicado oficial de la polic\u00eda<\/strong><\/h2>\n\n\n\n<p>La Polic\u00eda Nacional emiti\u00f3 un comunicado el domingo explicando que utiliz\u00f3 \u201cmunici\u00f3n de letalidad reducida\u201d para evitar que los hinchas de Liga de Quito ingresaran al campo de juego.<\/p>\n\n\n\n<p>Seg\u00fan la versi\u00f3n oficial, antes de abrir fuego se habr\u00edan empleado sin \u00e9xito \u201ct\u00e9cnicas de control f\u00edsico\u201d para frenar la supuesta invasi\u00f3n.<\/p>\n\n\n\n<figure class=\"wp-block-image aligncenter size-full is-resized\"><img decoding=\"async\" width=\"677\" height=\"680\" src=\"https:\/\/elmercuriomanta.ec\/wp-content\/uploads\/2025\/04\/image-1.png\" alt=\"\" class=\"wp-image-39866\" style=\"width:408px;height:auto\" srcset=\"https:\/\/elmercuriomanta.ec\/wp-content\/uploads\/2025\/04\/image-1.png 677w, https:\/\/elmercuriomanta.ec\/wp-content\/uploads\/2025\/04\/image-1-300x300.png 300w, https:\/\/elmercuriomanta.ec\/wp-content\/uploads\/2025\/04\/image-1-150x150.png 150w\" sizes=\"(max-width: 677px) 100vw, 677px\" \/><\/figure>\n\n\n\n<p><\/p>\n","protected":false},"excerpt":{"rendered":"<p>Edison Pilataxi, oriundo de Riobamba y residente en Cuenca, rompi\u00f3 el silencio tras sufrir un lamentable incidente durante el partido entre Deportivo Cuenca y Liga de Quito, disputado el 29 de marzo en el estadio Alejandro Serrano Aguilar. El hincha albo perdi\u00f3 su ojo derecho debido a un disparo de perdig\u00f3n realizado por la Polic\u00eda [&hellip;]<\/p>\n","protected":false},"author":14,"featured_media":0,"comment_status":"open","ping_status":"open","sticky":false,"template":"","format":"standard","meta":{"footnotes":""},"categories":[1],"tags":[],"class_list":["post-39865","post","type-post","status-publish","format-standard","hentry","category-uncategorized"],"_links":{"self":[{"href":"https:\/\/elmercuriomanta.ec\/index.php\/wp-json\/wp\/v2\/posts\/39865","targetHints":{"allow":["GET"]}}],"collection":[{"href":"https:\/\/elmercuriomanta.ec\/index.php\/wp-json\/wp\/v2\/posts"}],"about":[{"href":"https:\/\/elmercuriomanta.ec\/index.php\/wp-json\/wp\/v2\/types\/post"}],"author":[{"embeddable":true,"href":"https:\/\/elmercuriomanta.ec\/index.php\/wp-json\/wp\/v2\/users\/14"}],"replies":[{"embeddable":true,"href":"https:\/\/elmercuriomanta.ec\/index.php\/wp-json\/wp\/v2\/comments?post=39865"}],"version-history":[{"count":1,"href":"https:\/\/elmercuriomanta.ec\/index.php\/wp-json\/wp\/v2\/posts\/39865\/revisions"}],"predecessor-version":[{"id":39868,"href":"https:\/\/elmercuriomanta.ec\/index.php\/wp-json\/wp\/v2\/posts\/39865\/revisions\/39868"}],"wp:attachment":[{"href":"https:\/\/elmercuriomanta.ec\/index.php\/wp-json\/wp\/v2\/media?parent=39865"}],"wp:term":[{"taxonomy":"category","embeddable":true,"href":"https:\/\/elmercuriomanta.ec\/index.php\/wp-json\/wp\/v2\/categories?post=39865"},{"taxonomy":"post_tag","embeddable":true,"href":"https:\/\/elmercuriomanta.ec\/index.php\/wp-json\/wp\/v2\/tags?post=39865"}],"curies":[{"name":"wp","href":"https:\/\/api.w.org\/{rel}","templated":true}]}}