{"id":39816,"date":"2025-03-31T14:11:55","date_gmt":"2025-03-31T19:11:55","guid":{"rendered":"https:\/\/elmercuriomanta.ec\/?p=39816"},"modified":"2025-03-31T14:11:55","modified_gmt":"2025-03-31T19:11:55","slug":"secuestradores-habrian-tenido-un-accidente","status":"publish","type":"post","link":"https:\/\/elmercuriomanta.ec\/index.php\/2025\/03\/31\/secuestradores-habrian-tenido-un-accidente\/","title":{"rendered":"Secuestradores habr\u00edan tenido un accidente"},"content":{"rendered":"\n<figure class=\"wp-block-image aligncenter size-large is-resized\"><img fetchpriority=\"high\" decoding=\"async\" width=\"1024\" height=\"512\" src=\"https:\/\/elmercuriomanta.ec\/wp-content\/uploads\/2025\/03\/image-406-1024x512.png\" alt=\"\" class=\"wp-image-39817\" style=\"width:373px;height:auto\" srcset=\"https:\/\/elmercuriomanta.ec\/wp-content\/uploads\/2025\/03\/image-406-1024x512.png 1024w, https:\/\/elmercuriomanta.ec\/wp-content\/uploads\/2025\/03\/image-406-300x150.png 300w, https:\/\/elmercuriomanta.ec\/wp-content\/uploads\/2025\/03\/image-406-768x384.png 768w, https:\/\/elmercuriomanta.ec\/wp-content\/uploads\/2025\/03\/image-406.png 1200w\" sizes=\"(max-width: 1024px) 100vw, 1024px\" \/><\/figure>\n\n\n\n<p><br><\/p>\n\n\n\n<p>Militares y polic\u00edas encontraron en <strong>Dur\u00e1n<\/strong> al hombre que fue secuestrado en la sede alterna del <strong>Municipio de Daule<\/strong>, en la parroquia <strong>La Aurora<\/strong>, la ma\u00f1ana del lunes 31 de marzo.<\/p>\n\n\n\n<p>La v\u00edctima, un visitador m\u00e9dico de <strong>35 a\u00f1os<\/strong>, fue interceptada alrededor de las <strong>08:00<\/strong> por un grupo de individuos armados, quienes lo amenazaron con un arma larga y lo obligaron a subir a un <strong>veh\u00edculo negro<\/strong>.<\/p>\n\n\n\n<p>Aproximadamente a las <strong>11:50<\/strong>, el hombre fue hallado dentro del mismo autom\u00f3vil en la <strong>quinta etapa de la Ciudadela El Recreo, en Dur\u00e1n<\/strong>. En el interior del veh\u00edculo se encontr\u00f3 una placa diferente a la que estaba visible en el exterior.<\/p>\n\n\n\n<p>Seg\u00fan informaci\u00f3n preliminar, los secuestradores habr\u00edan sufrido un <strong>contratiempo<\/strong>, lo que los llev\u00f3 a abandonar el autom\u00f3vil. Las autoridades contin\u00faan con su b\u00fasqueda.<\/p>\n\n\n\n<p>Una <strong>ambulancia<\/strong> lleg\u00f3 al lugar para brindarle atenci\u00f3n m\u00e9dica a la v\u00edctima, quien presentaba contusiones como consecuencia del secuestro.<\/p>\n\n\n\n<p>El hecho fue captado en video y ha sido ampliamente difundido en redes sociales durante la ma\u00f1ana.<\/p>\n","protected":false},"excerpt":{"rendered":"<p>Militares y polic\u00edas encontraron en Dur\u00e1n al hombre que fue secuestrado en la sede alterna del Municipio de Daule, en la parroquia La Aurora, la ma\u00f1ana del lunes 31 de marzo.<\/p>\n","protected":false},"author":14,"featured_media":39817,"comment_status":"open","ping_status":"open","sticky":false,"template":"","format":"standard","meta":{"footnotes":""},"categories":[16,1],"tags":[91],"class_list":["post-39816","post","type-post","status-publish","format-standard","has-post-thumbnail","hentry","category-cronica","category-uncategorized","tag-cronica"],"_links":{"self":[{"href":"https:\/\/elmercuriomanta.ec\/index.php\/wp-json\/wp\/v2\/posts\/39816","targetHints":{"allow":["GET"]}}],"collection":[{"href":"https:\/\/elmercuriomanta.ec\/index.php\/wp-json\/wp\/v2\/posts"}],"about":[{"href":"https:\/\/elmercuriomanta.ec\/index.php\/wp-json\/wp\/v2\/types\/post"}],"author":[{"embeddable":true,"href":"https:\/\/elmercuriomanta.ec\/index.php\/wp-json\/wp\/v2\/users\/14"}],"replies":[{"embeddable":true,"href":"https:\/\/elmercuriomanta.ec\/index.php\/wp-json\/wp\/v2\/comments?post=39816"}],"version-history":[{"count":1,"href":"https:\/\/elmercuriomanta.ec\/index.php\/wp-json\/wp\/v2\/posts\/39816\/revisions"}],"predecessor-version":[{"id":39818,"href":"https:\/\/elmercuriomanta.ec\/index.php\/wp-json\/wp\/v2\/posts\/39816\/revisions\/39818"}],"wp:featuredmedia":[{"embeddable":true,"href":"https:\/\/elmercuriomanta.ec\/index.php\/wp-json\/wp\/v2\/media\/39817"}],"wp:attachment":[{"href":"https:\/\/elmercuriomanta.ec\/index.php\/wp-json\/wp\/v2\/media?parent=39816"}],"wp:term":[{"taxonomy":"category","embeddable":true,"href":"https:\/\/elmercuriomanta.ec\/index.php\/wp-json\/wp\/v2\/categories?post=39816"},{"taxonomy":"post_tag","embeddable":true,"href":"https:\/\/elmercuriomanta.ec\/index.php\/wp-json\/wp\/v2\/tags?post=39816"}],"curies":[{"name":"wp","href":"https:\/\/api.w.org\/{rel}","templated":true}]}}