{"id":39612,"date":"2025-03-28T17:01:27","date_gmt":"2025-03-28T22:01:27","guid":{"rendered":"https:\/\/elmercuriomanta.ec\/?p=39612"},"modified":"2025-03-28T17:01:27","modified_gmt":"2025-03-28T22:01:27","slug":"tce-analizara-ultimo-recurso-legal-que-podia-poner-a-veronica-abad-tras-fallo-que-le-suspende-sus-derechos-politicos","status":"publish","type":"post","link":"https:\/\/elmercuriomanta.ec\/index.php\/2025\/03\/28\/tce-analizara-ultimo-recurso-legal-que-podia-poner-a-veronica-abad-tras-fallo-que-le-suspende-sus-derechos-politicos\/","title":{"rendered":"TCE analizar\u00e1 \u00faltimo recurso legal que pod\u00eda poner a Ver\u00f3nica Abad tras fallo que le suspende sus derechos pol\u00edticos"},"content":{"rendered":"\n<figure class=\"wp-block-image aligncenter size-full is-resized\"><img fetchpriority=\"high\" decoding=\"async\" width=\"832\" height=\"468\" src=\"https:\/\/elmercuriomanta.ec\/wp-content\/uploads\/2025\/03\/image-369.png\" alt=\"\" class=\"wp-image-39613\" style=\"width:604px;height:auto\" srcset=\"https:\/\/elmercuriomanta.ec\/wp-content\/uploads\/2025\/03\/image-369.png 832w, https:\/\/elmercuriomanta.ec\/wp-content\/uploads\/2025\/03\/image-369-300x169.png 300w, https:\/\/elmercuriomanta.ec\/wp-content\/uploads\/2025\/03\/image-369-768x432.png 768w\" sizes=\"(max-width: 832px) 100vw, 832px\" \/><\/figure>\n\n\n\n<p>La<strong>\u00a0vicepresidenta de la Rep\u00fablica, Ver\u00f3nica Abad Rojas,<\/strong>\u00a0perder\u00eda sus derechos de participaci\u00f3n desde la noche de este viernes, 28 de marzo, una vez que el\u00a0<strong>Tribunal Contencioso Electoral (TCE)\u00a0<\/strong>se pronuncie sobre un recurso horizontal y disponga la ejecutor\u00eda de un fallo en el que la sancion\u00f3 por violencia pol\u00edtica de g\u00e9nero.<\/p>\n\n\n\n<p>A las 21:00 de este 28 de marzo de 2025, la presidenta del Tribunal, Ivonne Coloma convoc\u00f3 a una sesi\u00f3n extraordinaria de forma virtual para tratar el recurso de aclaraci\u00f3n presentado por la defensa de la segunda mandataria, Ver\u00f3nica Abad, dentro de esta causa por violencia pol\u00edtica de g\u00e9nero que interpuso la ministra de Relaciones Exteriores, Gabriela Sommerfeld.<\/p>\n\n\n\n<p>Con esto, no habr\u00e1 m\u00e1s recursos a los que recurra la vicepresidenta ante este \u00f3rgano de justicia electoral,\u00a0<strong>cuyas decisiones son de \u00faltima y definitiva instancia.<\/strong><\/p>\n\n\n\n<p><\/p>\n","protected":false},"excerpt":{"rendered":"<p>La\u00a0vicepresidenta de la Rep\u00fablica, Ver\u00f3nica Abad Rojas,\u00a0perder\u00eda sus derechos de participaci\u00f3n desde la noche de este viernes, 28 de marzo, una vez que el\u00a0Tribunal Contencioso Electoral (TCE)\u00a0se pronuncie sobre un recurso horizontal y disponga la ejecutor\u00eda de un fallo en el que la sancion\u00f3 por violencia pol\u00edtica de g\u00e9nero.<\/p>\n","protected":false},"author":14,"featured_media":39613,"comment_status":"open","ping_status":"open","sticky":false,"template":"","format":"standard","meta":{"footnotes":""},"categories":[1],"tags":[],"class_list":["post-39612","post","type-post","status-publish","format-standard","has-post-thumbnail","hentry","category-uncategorized"],"_links":{"self":[{"href":"https:\/\/elmercuriomanta.ec\/index.php\/wp-json\/wp\/v2\/posts\/39612","targetHints":{"allow":["GET"]}}],"collection":[{"href":"https:\/\/elmercuriomanta.ec\/index.php\/wp-json\/wp\/v2\/posts"}],"about":[{"href":"https:\/\/elmercuriomanta.ec\/index.php\/wp-json\/wp\/v2\/types\/post"}],"author":[{"embeddable":true,"href":"https:\/\/elmercuriomanta.ec\/index.php\/wp-json\/wp\/v2\/users\/14"}],"replies":[{"embeddable":true,"href":"https:\/\/elmercuriomanta.ec\/index.php\/wp-json\/wp\/v2\/comments?post=39612"}],"version-history":[{"count":1,"href":"https:\/\/elmercuriomanta.ec\/index.php\/wp-json\/wp\/v2\/posts\/39612\/revisions"}],"predecessor-version":[{"id":39614,"href":"https:\/\/elmercuriomanta.ec\/index.php\/wp-json\/wp\/v2\/posts\/39612\/revisions\/39614"}],"wp:featuredmedia":[{"embeddable":true,"href":"https:\/\/elmercuriomanta.ec\/index.php\/wp-json\/wp\/v2\/media\/39613"}],"wp:attachment":[{"href":"https:\/\/elmercuriomanta.ec\/index.php\/wp-json\/wp\/v2\/media?parent=39612"}],"wp:term":[{"taxonomy":"category","embeddable":true,"href":"https:\/\/elmercuriomanta.ec\/index.php\/wp-json\/wp\/v2\/categories?post=39612"},{"taxonomy":"post_tag","embeddable":true,"href":"https:\/\/elmercuriomanta.ec\/index.php\/wp-json\/wp\/v2\/tags?post=39612"}],"curies":[{"name":"wp","href":"https:\/\/api.w.org\/{rel}","templated":true}]}}