{"id":39486,"date":"2025-03-27T13:47:26","date_gmt":"2025-03-27T18:47:26","guid":{"rendered":"https:\/\/elmercuriomanta.ec\/?p=39486"},"modified":"2025-03-27T16:13:02","modified_gmt":"2025-03-27T21:13:02","slug":"moradores-piden-soluciones-a-problemas-de-infraestructura-ante-incidentes","status":"publish","type":"post","link":"https:\/\/elmercuriomanta.ec\/index.php\/2025\/03\/27\/moradores-piden-soluciones-a-problemas-de-infraestructura-ante-incidentes\/","title":{"rendered":"Moradores piden soluciones a problemas de infraestructura ante incidentes"},"content":{"rendered":"\n<div class=\"wp-block-columns is-layout-flex wp-container-core-columns-is-layout-28f84493 wp-block-columns-is-layout-flex\">\n<div class=\"wp-block-column is-layout-flow wp-block-column-is-layout-flow\">\n<figure class=\"wp-block-image size-full is-resized\"><img fetchpriority=\"high\" decoding=\"async\" width=\"367\" height=\"418\" src=\"https:\/\/elmercuriomanta.ec\/wp-content\/uploads\/2025\/03\/WhatsApp-Image-2025-03-27-at-14.22.49.jpeg\" alt=\"\" class=\"wp-image-39491\" style=\"width:227px;height:auto\" srcset=\"https:\/\/elmercuriomanta.ec\/wp-content\/uploads\/2025\/03\/WhatsApp-Image-2025-03-27-at-14.22.49.jpeg 367w, https:\/\/elmercuriomanta.ec\/wp-content\/uploads\/2025\/03\/WhatsApp-Image-2025-03-27-at-14.22.49-263x300.jpeg 263w\" sizes=\"(max-width: 367px) 100vw, 367px\" \/><\/figure>\n<\/div>\n\n\n\n<div class=\"wp-block-column is-layout-flow wp-block-column-is-layout-flow\">\n<figure class=\"wp-block-image size-full\"><img decoding=\"async\" width=\"750\" height=\"607\" src=\"https:\/\/elmercuriomanta.ec\/wp-content\/uploads\/2025\/03\/WhatsApp-Image-2025-03-27-at-14.23.02.jpeg\" alt=\"\" class=\"wp-image-39492\" srcset=\"https:\/\/elmercuriomanta.ec\/wp-content\/uploads\/2025\/03\/WhatsApp-Image-2025-03-27-at-14.23.02.jpeg 750w, https:\/\/elmercuriomanta.ec\/wp-content\/uploads\/2025\/03\/WhatsApp-Image-2025-03-27-at-14.23.02-300x243.jpeg 300w\" sizes=\"(max-width: 750px) 100vw, 750px\" \/><\/figure>\n<\/div>\n<\/div>\n\n\n\n<p><strong> <\/strong><\/p>\n\n\n\n<p>Los habitantes y peque\u00f1os comerciantes del barrio Santa Martha, en Manta han alzado su voz para denunciar el mal estado de las calles, veredas y bordillos, una situaci\u00f3n que ha generado varios incidentes y que se ha vuelto insostenible con el paso del tiempo.<\/p>\n\n\n\n<p>Seg\u00fan los residentes, hace quince d\u00edas comenz\u00f3 un deterioro significativo en la infraestructura vial del barrio. Un comerciante local relat\u00f3 que un vendedor se hundi\u00f3 en uno de los baches, poniendo de manifiesto el riesgo que enfrentan a diario. Adem\u00e1s, coment\u00f3 que un veh\u00edculo encargado de entregar productos qued\u00f3 atrapado debido a la falta de se\u00f1alizaci\u00f3n por parte de los trabajadores, quienes s\u00f3lo realizaron trabajos superficiales. \u00abVinieron, rompieron, pero no han arreglado nada\u00bb, lament\u00f3 el vendedor.<\/p>\n\n\n\n<div class=\"wp-block-columns is-layout-flex wp-container-core-columns-is-layout-28f84493 wp-block-columns-is-layout-flex\">\n<div class=\"wp-block-column is-layout-flow wp-block-column-is-layout-flow\">\n<figure class=\"wp-block-image size-full is-resized\"><img decoding=\"async\" width=\"270\" height=\"353\" src=\"https:\/\/elmercuriomanta.ec\/wp-content\/uploads\/2025\/03\/WhatsApp-Image-2025-03-27-at-14.23.18.jpeg\" alt=\"\" class=\"wp-image-39493\" style=\"width:175px;height:auto\" srcset=\"https:\/\/elmercuriomanta.ec\/wp-content\/uploads\/2025\/03\/WhatsApp-Image-2025-03-27-at-14.23.18.jpeg 270w, https:\/\/elmercuriomanta.ec\/wp-content\/uploads\/2025\/03\/WhatsApp-Image-2025-03-27-at-14.23.18-229x300.jpeg 229w\" sizes=\"(max-width: 270px) 100vw, 270px\" \/><\/figure>\n<\/div>\n\n\n\n<div class=\"wp-block-column is-layout-flow wp-block-column-is-layout-flow\">\n<figure class=\"wp-block-image size-full is-resized\"><img loading=\"lazy\" decoding=\"async\" width=\"750\" height=\"883\" src=\"https:\/\/elmercuriomanta.ec\/wp-content\/uploads\/2025\/03\/WhatsApp-Image-2025-03-27-at-14.23.37.jpeg\" alt=\"\" class=\"wp-image-39494\" style=\"width:193px;height:auto\" srcset=\"https:\/\/elmercuriomanta.ec\/wp-content\/uploads\/2025\/03\/WhatsApp-Image-2025-03-27-at-14.23.37.jpeg 750w, https:\/\/elmercuriomanta.ec\/wp-content\/uploads\/2025\/03\/WhatsApp-Image-2025-03-27-at-14.23.37-255x300.jpeg 255w\" sizes=\"(max-width: 750px) 100vw, 750px\" \/><\/figure>\n<\/div>\n<\/div>\n\n\n\n<p>Otro morador enfatiz\u00f3 que no s\u00f3lo la infraestructura se encuentra en un estado cr\u00edtico, sino tambi\u00e9n la limpieza y el mantenimiento del barrio. \u201cLa basura es un problema constante y la maleza crece sin control. Necesitamos que las autoridades vengan y coloquen m\u00e1s contenedores de basura\u201d, solicit\u00f3.<\/p>\n\n\n\n<p>Los problemas no terminan ah\u00ed. Un vecino expres\u00f3 su frustraci\u00f3n por la cantidad de huecos en las calles, lo que ha causado da\u00f1os en los veh\u00edculos de los moradores, dificultando incluso el tr\u00e1nsito de autom\u00f3viles. \u201cEl agua se va dos o tres d\u00edas y luego regresa, no hay un servicio constante\u201d, a\u00f1adi\u00f3.<\/p>\n\n\n\n<p>La oscuridad tambi\u00e9n es un tema de preocupaci\u00f3n. Un habitante del sector pidi\u00f3 a las autoridades mayor atenci\u00f3n en el alumbrado p\u00fablico, pues hay \u00e1reas del barrio que permanecen en penumbras, lo que representa un riesgo adicional durante la noche.<\/p>\n\n\n\n<p>Los moradores de Santa Martha esperan que sus reclamos sean atendidos y que se implementen medidas urgentes para mejorar la calidad de vida en su comunidad. La falta de acci\u00f3n de las autoridades est\u00e1 generando un creciente descontento entre los moradores, quienes anhelan un barrio seguro y en condiciones adecuadas para vivir y trabajar.<\/p>\n","protected":false},"excerpt":{"rendered":"<p>Los habitantes y peque\u00f1os comerciantes del barrio Santa Martha han alzado su voz para denunciar el mal estado de las calles, veredas y bordillos, una situaci\u00f3n que ha generado varios incidentes y que se ha vuelto insostenible con el paso del tiempo.<\/p>\n","protected":false},"author":14,"featured_media":39491,"comment_status":"open","ping_status":"open","sticky":false,"template":"","format":"standard","meta":{"footnotes":""},"categories":[83,1],"tags":[87,86],"class_list":["post-39486","post","type-post","status-publish","format-standard","has-post-thumbnail","hentry","category-sucesos","category-uncategorized","tag-el-mercurio-en-los-barrios","tag-en-tu-barrio"],"_links":{"self":[{"href":"https:\/\/elmercuriomanta.ec\/index.php\/wp-json\/wp\/v2\/posts\/39486","targetHints":{"allow":["GET"]}}],"collection":[{"href":"https:\/\/elmercuriomanta.ec\/index.php\/wp-json\/wp\/v2\/posts"}],"about":[{"href":"https:\/\/elmercuriomanta.ec\/index.php\/wp-json\/wp\/v2\/types\/post"}],"author":[{"embeddable":true,"href":"https:\/\/elmercuriomanta.ec\/index.php\/wp-json\/wp\/v2\/users\/14"}],"replies":[{"embeddable":true,"href":"https:\/\/elmercuriomanta.ec\/index.php\/wp-json\/wp\/v2\/comments?post=39486"}],"version-history":[{"count":3,"href":"https:\/\/elmercuriomanta.ec\/index.php\/wp-json\/wp\/v2\/posts\/39486\/revisions"}],"predecessor-version":[{"id":39514,"href":"https:\/\/elmercuriomanta.ec\/index.php\/wp-json\/wp\/v2\/posts\/39486\/revisions\/39514"}],"wp:featuredmedia":[{"embeddable":true,"href":"https:\/\/elmercuriomanta.ec\/index.php\/wp-json\/wp\/v2\/media\/39491"}],"wp:attachment":[{"href":"https:\/\/elmercuriomanta.ec\/index.php\/wp-json\/wp\/v2\/media?parent=39486"}],"wp:term":[{"taxonomy":"category","embeddable":true,"href":"https:\/\/elmercuriomanta.ec\/index.php\/wp-json\/wp\/v2\/categories?post=39486"},{"taxonomy":"post_tag","embeddable":true,"href":"https:\/\/elmercuriomanta.ec\/index.php\/wp-json\/wp\/v2\/tags?post=39486"}],"curies":[{"name":"wp","href":"https:\/\/api.w.org\/{rel}","templated":true}]}}