{"id":39292,"date":"2025-03-26T09:43:18","date_gmt":"2025-03-26T14:43:18","guid":{"rendered":"https:\/\/elmercuriomanta.ec\/?p=39292"},"modified":"2025-03-26T09:43:18","modified_gmt":"2025-03-26T14:43:18","slug":"piden-agilidad-en-reemplazo-de-semaforo-en-via-manta-colisa-y-manta-rocafuerte","status":"publish","type":"post","link":"https:\/\/elmercuriomanta.ec\/index.php\/2025\/03\/26\/piden-agilidad-en-reemplazo-de-semaforo-en-via-manta-colisa-y-manta-rocafuerte\/","title":{"rendered":"Piden agilidad en reemplazo de sem\u00e1foro en v\u00eda Manta-Colisa y Manta-Rocafuerte"},"content":{"rendered":"\n<figure class=\"wp-block-image aligncenter size-full\"><img fetchpriority=\"high\" decoding=\"async\" width=\"738\" height=\"440\" src=\"https:\/\/elmercuriomanta.ec\/wp-content\/uploads\/2025\/03\/Captura-de-pantalla_26-3-2025_9422_www.eldiario.ec_.jpeg\" alt=\"\" class=\"wp-image-39293\" srcset=\"https:\/\/elmercuriomanta.ec\/wp-content\/uploads\/2025\/03\/Captura-de-pantalla_26-3-2025_9422_www.eldiario.ec_.jpeg 738w, https:\/\/elmercuriomanta.ec\/wp-content\/uploads\/2025\/03\/Captura-de-pantalla_26-3-2025_9422_www.eldiario.ec_-300x179.jpeg 300w\" sizes=\"(max-width: 738px) 100vw, 738px\" \/><\/figure>\n\n\n\n<p>Comerciantes y transe\u00fantes corren mucho riesgo ante la falta de este sem\u00e1foro en la v\u00eda Manta-Colisa. Desde hace dos semanas, el sem\u00e1foro en la intersecci\u00f3n de la v\u00eda Manta-Colisa y Manta Rocafuerte fue arrancado. Esto genera preocupaci\u00f3n.&nbsp;<\/p>\n\n\n\n<p>Por ello, la ausencia de este equipo pone en riesgo a los vendedores locales. Adem\u00e1s, podr\u00eda provocar accidentes con volquetes y veh\u00edculos pesados. Ronny Garc\u00eda, comerciante de agua de coco, afirm\u00f3 que los conductores pasan sin precauci\u00f3n. \u201cSe lanzan sin notar a quienes trabajamos aqu\u00ed\u201d, expres\u00f3.&nbsp;<\/p>\n\n\n\n<p>En consecuencia, el Municipio de Jaramij\u00f3 inform\u00f3 que el sem\u00e1foro depende del Ministerio de Transporte. Este ya fue notificado para reemplazarlo pronto. Asimismo, cerca del poste se observan cables sueltos. Se presume que un veh\u00edculo alto los arranc\u00f3, da\u00f1ando el dispositivo. En Jaramij\u00f3 un sem\u00e1foro se da\u00f1\u00f3 por subida de voltaje.<\/p>\n\n\n\n<p>Por otro lado, Jorge V\u00e9lez, del \u00e1rea de comunicaci\u00f3n del municipio de Jaramij\u00f3, indic\u00f3 que los sem\u00e1foros en la ciudad funcionan. Sin embargo, uno se averi\u00f3 recientemente. El da\u00f1o ocurri\u00f3 el pasado fin de semana por una subida de voltaje. Ya se report\u00f3 para reparar la c\u00e9lula afectada, detall\u00f3 V\u00e9lez.&nbsp;<\/p>\n\n\n\n<p>Finalmente, la comunidad espera una soluci\u00f3n r\u00e1pida. As\u00ed, se busca evitar accidentes y garantizar la seguridad en esta concurrida intersecci\u00f3n. V\u00eda Manta-Colisa, la m\u00e1s cara del pa\u00eds La construcci\u00f3n de 21 kil\u00f3metros de la v\u00eda Manta Colisa fue adjudicada en 2017 por un monto de USD 100 millones.&nbsp;<\/p>\n\n\n\n<p>Es la v\u00eda m\u00e1s cara del pa\u00eds y se financi\u00f3 con fondos de la Ley de Solidaridad tras el terremoto de 2016. \u201cConstantemente hay accidentes de tr\u00e1nsito en esa v\u00eda, donde muchas personas han muerto, porque no hay la debida se\u00f1alizaci\u00f3n e iluminaci\u00f3n, adem\u00e1s hay tramos peligrosos\u201d, cont\u00f3 Julio Intriago, conductor.<\/p>\n","protected":false},"excerpt":{"rendered":"<p>Comerciantes y transe\u00fantes corren mucho riesgo ante la falta de este sem\u00e1foro en la v\u00eda Manta-Colisa. Desde hace dos semanas, el sem\u00e1foro en la intersecci\u00f3n de la v\u00eda Manta-Colisa y Manta Rocafuerte fue arrancado. Esto genera preocupaci\u00f3n.<\/p>\n","protected":false},"author":14,"featured_media":39293,"comment_status":"open","ping_status":"open","sticky":false,"template":"","format":"standard","meta":{"footnotes":""},"categories":[83],"tags":[23,86,29],"class_list":["post-39292","post","type-post","status-publish","format-standard","has-post-thumbnail","hentry","category-sucesos","tag-ecuador","tag-en-tu-barrio","tag-manabi"],"_links":{"self":[{"href":"https:\/\/elmercuriomanta.ec\/index.php\/wp-json\/wp\/v2\/posts\/39292","targetHints":{"allow":["GET"]}}],"collection":[{"href":"https:\/\/elmercuriomanta.ec\/index.php\/wp-json\/wp\/v2\/posts"}],"about":[{"href":"https:\/\/elmercuriomanta.ec\/index.php\/wp-json\/wp\/v2\/types\/post"}],"author":[{"embeddable":true,"href":"https:\/\/elmercuriomanta.ec\/index.php\/wp-json\/wp\/v2\/users\/14"}],"replies":[{"embeddable":true,"href":"https:\/\/elmercuriomanta.ec\/index.php\/wp-json\/wp\/v2\/comments?post=39292"}],"version-history":[{"count":1,"href":"https:\/\/elmercuriomanta.ec\/index.php\/wp-json\/wp\/v2\/posts\/39292\/revisions"}],"predecessor-version":[{"id":39294,"href":"https:\/\/elmercuriomanta.ec\/index.php\/wp-json\/wp\/v2\/posts\/39292\/revisions\/39294"}],"wp:featuredmedia":[{"embeddable":true,"href":"https:\/\/elmercuriomanta.ec\/index.php\/wp-json\/wp\/v2\/media\/39293"}],"wp:attachment":[{"href":"https:\/\/elmercuriomanta.ec\/index.php\/wp-json\/wp\/v2\/media?parent=39292"}],"wp:term":[{"taxonomy":"category","embeddable":true,"href":"https:\/\/elmercuriomanta.ec\/index.php\/wp-json\/wp\/v2\/categories?post=39292"},{"taxonomy":"post_tag","embeddable":true,"href":"https:\/\/elmercuriomanta.ec\/index.php\/wp-json\/wp\/v2\/tags?post=39292"}],"curies":[{"name":"wp","href":"https:\/\/api.w.org\/{rel}","templated":true}]}}