{"id":39191,"date":"2025-03-24T17:25:17","date_gmt":"2025-03-24T22:25:17","guid":{"rendered":"https:\/\/elmercuriomanta.ec\/?p=39191"},"modified":"2025-03-24T17:25:44","modified_gmt":"2025-03-24T22:25:44","slug":"mas-de-950-ciudadanos-atendidos-en-brigadas-de-salud-en-manabi","status":"publish","type":"post","link":"https:\/\/elmercuriomanta.ec\/index.php\/2025\/03\/24\/mas-de-950-ciudadanos-atendidos-en-brigadas-de-salud-en-manabi\/","title":{"rendered":"M\u00e1s de 950 ciudadanos atendidos en brigadas de salud en Manab\u00ed"},"content":{"rendered":"\n<figure class=\"wp-block-image aligncenter size-large is-resized\"><img fetchpriority=\"high\" decoding=\"async\" width=\"1024\" height=\"768\" src=\"https:\/\/elmercuriomanta.ec\/wp-content\/uploads\/2025\/03\/WhatsApp-Image-2025-03-24-at-12.10.14-1024x768.jpeg\" alt=\"\" class=\"wp-image-39192\" style=\"width:381px;height:auto\" srcset=\"https:\/\/elmercuriomanta.ec\/wp-content\/uploads\/2025\/03\/WhatsApp-Image-2025-03-24-at-12.10.14-1024x768.jpeg 1024w, https:\/\/elmercuriomanta.ec\/wp-content\/uploads\/2025\/03\/WhatsApp-Image-2025-03-24-at-12.10.14-300x225.jpeg 300w, https:\/\/elmercuriomanta.ec\/wp-content\/uploads\/2025\/03\/WhatsApp-Image-2025-03-24-at-12.10.14-768x576.jpeg 768w, https:\/\/elmercuriomanta.ec\/wp-content\/uploads\/2025\/03\/WhatsApp-Image-2025-03-24-at-12.10.14-1536x1152.jpeg 1536w, https:\/\/elmercuriomanta.ec\/wp-content\/uploads\/2025\/03\/WhatsApp-Image-2025-03-24-at-12.10.14.jpeg 1600w\" sizes=\"(max-width: 1024px) 100vw, 1024px\" \/><\/figure>\n\n\n\n<p>El Instituto Ecuatoriano de Seguridad Social, IESS, y el Ministerio de Salud P\u00fablica, MSP, unieron esfuerzos para realizar brigadas de salud en las zonas m\u00e1s afectadas de la provincia de Manab\u00ed, debido a la etapa invernal.<br><br><\/p>\n\n\n\n<p>Desde el 10 de marzo, cuando se iniciaron las brigadas, m\u00e1s de 957 ciudadanos de varias parroquias de los cantones Calceta, Portoviejo, Chone y Rocafuerte se han beneficiado con atenci\u00f3n m\u00e9dica y la entrega de medicina.<\/p>\n\n\n\n<p>Las brigadas atienden en las especialidades de Medicina General, Medicina Familiar, Odontolog\u00eda,&nbsp; Endocrinolog\u00eda, Gastroenterolog\u00eda, Medicina Interna, Otorrinolaringolog\u00eda, Ginecolog\u00eda,&nbsp; Oncolog\u00eda,&nbsp; Oftalmolog\u00eda, Cardiolog\u00eda y Neumolog\u00eda.<\/p>\n\n\n\n<p>Trabajando en territorio, acudimos a los cantones m\u00e1s afectados de la provincia con servicios de salud para mitigar enfermedades. Llegamos con atenci\u00f3n m\u00e9dica y provisi\u00f3n de medicina, explic\u00f3 \u00c1ngel Garc\u00eda, director provincial del IESS Manab\u00ed.<\/p>\n\n\n\n<p>Las brigadas continuar\u00e1n hasta el 27 de marzo, de 9:00 a 14:00. En esta ocasi\u00f3n atender\u00e1n a los habitantes de Portoviejo:&nbsp;<\/p>\n\n\n\n<ul class=\"wp-block-list\">\n<li>Lunes 24 de marzo: Col\u00f3n, Coliseo de Pachinche Adentro, calle San Pedro y 3 de Diciembre, junto al dispensario del Seguro Social Campesino.<\/li>\n\n\n\n<li>Martes 25 de marzo: Las Chacras Adentro, R\u00edo Chico, frente a la capilla Mar\u00eda Auxiliadora.<\/li>\n\n\n\n<li>Mi\u00e9rcoles 26 de marzo: Polideportivo Pacheco, Ciudadela Cevallos, parroquia Francisco Pacheco.<\/li>\n<\/ul>\n\n\n\n<p>Jueves 27 de marzo: El Milagro de Picoaz\u00e1, escuela Raimundo Aveiga.<br><br><\/p>\n\n\n\n<p>Desde el 10 de marzo, cuando se iniciaron las brigadas, m\u00e1s de 957 ciudadanos de varias parroquias de los cantones Calceta, Portoviejo, Chone y Rocafuerte se han beneficiado con atenci\u00f3n m\u00e9dica y la entrega de medicina.<\/p>\n\n\n\n<p>Las brigadas atienden en las especialidades de Medicina General, Medicina Familiar, Odontolog\u00eda,&nbsp; Endocrinolog\u00eda, Gastroenterolog\u00eda, Medicina Interna, Otorrinolaringolog\u00eda, Ginecolog\u00eda,&nbsp; Oncolog\u00eda,&nbsp; Oftalmolog\u00eda, Cardiolog\u00eda y Neumolog\u00eda.<\/p>\n\n\n\n<p>Trabajando en territorio, acudimos a los cantones m\u00e1s afectados de la provincia con servicios de salud para mitigar enfermedades. Llegamos con atenci\u00f3n m\u00e9dica y provisi\u00f3n de medicina, explic\u00f3 \u00c1ngel Garc\u00eda, director provincial del IESS Manab\u00ed.<\/p>\n\n\n\n<p>Las brigadas continuar\u00e1n hasta el 27 de marzo, de 9:00 a 14:00. En esta ocasi\u00f3n atender\u00e1n a los habitantes de Portoviejo:&nbsp;<\/p>\n\n\n\n<ul class=\"wp-block-list\">\n<li>Lunes 24 de marzo: Col\u00f3n, Coliseo de Pachinche Adentro, calle San Pedro y 3 de Diciembre, junto al dispensario del Seguro Social Campesino.<\/li>\n\n\n\n<li>Martes 25 de marzo: Las Chacras Adentro, R\u00edo Chico, frente a la capilla Mar\u00eda Auxiliadora.<\/li>\n\n\n\n<li>Mi\u00e9rcoles 26 de marzo: Polideportivo Pacheco, Ciudadela Cevallos, parroquia Francisco Pacheco.<\/li>\n<\/ul>\n\n\n\n<p>Jueves 27 de marzo: El Milagro de Picoaz\u00e1, escuela Raimundo Aveiga.<\/p>\n","protected":false},"excerpt":{"rendered":"<p>El Instituto Ecuatoriano de Seguridad Social, IESS, y el Ministerio de Salud P\u00fablica, MSP, unieron esfuerzos para realizar brigadas de salud en las zonas m\u00e1s afectadas de la provincia de Manab\u00ed, debido a la etapa invernal.<\/p>\n<p>Desde el 10 de marzo, cuando se iniciaron las brigadas, m\u00e1s de 957 ciudadanos de varias parroquias de los cantones Calceta, Portoviejo, Chone y Rocafuerte se han beneficiado con atenci\u00f3n m\u00e9dica y la entrega de medicina.<\/p>\n<p>Las brigadas atienden en las especialidades de Medicina General, Medicina Familiar, Odontolog\u00eda,  Endocrinolog\u00eda, Gastroenterolog\u00eda, Medicina Interna, Otorrinolaringolog\u00eda, Ginecolog\u00eda,  Oncolog\u00eda,  Oftalmolog\u00eda, Cardiolog\u00eda y Neumolog\u00eda.<\/p>\n<p>Trabajando en territorio, acudimos a los cantones m\u00e1s afectados de la provincia con servicios de salud para mitigar enfermedades. Llegamos con atenci\u00f3n m\u00e9dica y provisi\u00f3n de medicina, explic\u00f3 \u00c1ngel Garc\u00eda, director provincial del IESS Manab\u00ed.<\/p>\n<p>Las brigadas continuar\u00e1n hasta el 27 de marzo, de 9:00 a 14:00. En esta ocasi\u00f3n atender\u00e1n a los habitantes de Portoviejo:  <\/p>\n<p>&#8211;\tLunes 24 de marzo: Col\u00f3n, Coliseo de Pachinche Adentro, calle San Pedro y 3 de Diciembre, junto al dispensario del Seguro Social Campesino.<br \/>\n&#8211;\tMartes 25 de marzo: Las Chacras Adentro, R\u00edo Chico, frente a la capilla Mar\u00eda Auxiliadora.<br \/>\n&#8211;\tMi\u00e9rcoles 26 de marzo: Polideportivo Pacheco, Ciudadela Cevallos, parroquia Francisco Pacheco.<br \/>\n&#8211;\tJueves 27 de marzo: El Milagro de Picoaz\u00e1, escuela Raimundo Aveiga. <\/p>\n","protected":false},"author":14,"featured_media":39192,"comment_status":"open","ping_status":"open","sticky":false,"template":"","format":"standard","meta":{"footnotes":""},"categories":[19,1],"tags":[23],"class_list":["post-39191","post","type-post","status-publish","format-standard","has-post-thumbnail","hentry","category-portada-1","category-uncategorized","tag-ecuador"],"_links":{"self":[{"href":"https:\/\/elmercuriomanta.ec\/index.php\/wp-json\/wp\/v2\/posts\/39191","targetHints":{"allow":["GET"]}}],"collection":[{"href":"https:\/\/elmercuriomanta.ec\/index.php\/wp-json\/wp\/v2\/posts"}],"about":[{"href":"https:\/\/elmercuriomanta.ec\/index.php\/wp-json\/wp\/v2\/types\/post"}],"author":[{"embeddable":true,"href":"https:\/\/elmercuriomanta.ec\/index.php\/wp-json\/wp\/v2\/users\/14"}],"replies":[{"embeddable":true,"href":"https:\/\/elmercuriomanta.ec\/index.php\/wp-json\/wp\/v2\/comments?post=39191"}],"version-history":[{"count":2,"href":"https:\/\/elmercuriomanta.ec\/index.php\/wp-json\/wp\/v2\/posts\/39191\/revisions"}],"predecessor-version":[{"id":39194,"href":"https:\/\/elmercuriomanta.ec\/index.php\/wp-json\/wp\/v2\/posts\/39191\/revisions\/39194"}],"wp:featuredmedia":[{"embeddable":true,"href":"https:\/\/elmercuriomanta.ec\/index.php\/wp-json\/wp\/v2\/media\/39192"}],"wp:attachment":[{"href":"https:\/\/elmercuriomanta.ec\/index.php\/wp-json\/wp\/v2\/media?parent=39191"}],"wp:term":[{"taxonomy":"category","embeddable":true,"href":"https:\/\/elmercuriomanta.ec\/index.php\/wp-json\/wp\/v2\/categories?post=39191"},{"taxonomy":"post_tag","embeddable":true,"href":"https:\/\/elmercuriomanta.ec\/index.php\/wp-json\/wp\/v2\/tags?post=39191"}],"curies":[{"name":"wp","href":"https:\/\/api.w.org\/{rel}","templated":true}]}}