{"id":38991,"date":"2025-03-21T18:12:22","date_gmt":"2025-03-21T23:12:22","guid":{"rendered":"https:\/\/elmercuriomanta.ec\/?p=38991"},"modified":"2025-03-21T18:13:48","modified_gmt":"2025-03-21T23:13:48","slug":"capturan-a-alias-burro-cabecilla-del-grupo-ak47","status":"publish","type":"post","link":"https:\/\/elmercuriomanta.ec\/index.php\/2025\/03\/21\/capturan-a-alias-burro-cabecilla-del-grupo-ak47\/","title":{"rendered":"Capturan a Alias Burro, cabecilla del grupo AK47"},"content":{"rendered":"\n<figure class=\"wp-block-image aligncenter size-large is-resized\"><img fetchpriority=\"high\" decoding=\"async\" width=\"1024\" height=\"512\" src=\"https:\/\/elmercuriomanta.ec\/wp-content\/uploads\/2025\/03\/image-239-1024x512.png\" alt=\"\" class=\"wp-image-38992\" style=\"width:388px;height:auto\" srcset=\"https:\/\/elmercuriomanta.ec\/wp-content\/uploads\/2025\/03\/image-239-1024x512.png 1024w, https:\/\/elmercuriomanta.ec\/wp-content\/uploads\/2025\/03\/image-239-300x150.png 300w, https:\/\/elmercuriomanta.ec\/wp-content\/uploads\/2025\/03\/image-239-768x384.png 768w, https:\/\/elmercuriomanta.ec\/wp-content\/uploads\/2025\/03\/image-239.png 1200w\" sizes=\"(max-width: 1024px) 100vw, 1024px\" \/><\/figure>\n\n\n\n<p>El Ministerio de Defensa inform\u00f3 sobre la captura de alias Burro, l\u00edder del grupo terrorista AK47, en el sector La R\u00e9plica de Babahoyo, Los R\u00edos.<\/p>\n\n\n\n<p>Seg\u00fan reportes de las Fuerzas Armadas, el detenido era considerado un objetivo de mediana importancia y ten\u00eda antecedentes por tr\u00e1fico de armas y drogas.<\/p>\n\n\n\n<p>La aprehensi\u00f3n se llev\u00f3 a cabo la tarde del jueves 20 de marzo durante un operativo terrestre y a\u00e9reo en la capital de la provincia.<\/p>\n\n\n\n<figure class=\"wp-block-embed is-type-rich is-provider-twitter wp-block-embed-twitter\"><div class=\"wp-block-embed__wrapper\">\n<blockquote class=\"twitter-tweet\" data-width=\"550\" data-dnt=\"true\"><p lang=\"es\" dir=\"ltr\">\u00a1Cae alias &quot;Burro&quot;, l\u00edder del Grupo Armado Organizado AK47!\ud83d\udcaa<br><br>\u27a1\ufe0fGracias a informaci\u00f3n de inteligencia militar, el personal de las Fuerzas Armadas llev\u00f3 a cabo una operaci\u00f3n masiva por aire y tierra en el cant\u00f3n <a href=\"https:\/\/twitter.com\/hashtag\/Babahoyo?src=hash&amp;ref_src=twsrc%5Etfw\">#Babahoyo<\/a>.<br><br>\ud83d\udcccDurante los allanamientos simult\u00e1neos, se logr\u00f3 la\u2026 <a href=\"https:\/\/t.co\/TT5HcqwWUZ\">pic.twitter.com\/TT5HcqwWUZ<\/a><\/p>&mdash; Ministerio de Defensa Nacional del Ecuador (@DefensaEc) <a href=\"https:\/\/twitter.com\/DefensaEc\/status\/1903167357901582342?ref_src=twsrc%5Etfw\">March 21, 2025<\/a><\/blockquote><script async src=\"https:\/\/platform.twitter.com\/widgets.js\" charset=\"utf-8\"><\/script>\n<\/div><\/figure>\n\n\n\n<p>Durante su detenci\u00f3n, las autoridades encontraron en su poder un arma de fuego y m\u00e1s de un kilogramo de sustancias sujetas a fiscalizaci\u00f3n, entre ellas coca\u00edna, marihuana y cripi.<\/p>\n\n\n\n<p>El grupo AK47 fue uno de los 22 grupos criminales declarados como terroristas por el Gobierno Nacional mediante el Decreto Ejecutivo N\u00b0110, firmado por el presidente Daniel Noboa el 10 de enero de 2024.<\/p>\n","protected":false},"excerpt":{"rendered":"<p>El Ministerio de Defensa inform\u00f3 sobre la captura de alias Burro, l\u00edder del grupo terrorista AK47, en el sector La R\u00e9plica de Babahoyo, Los R\u00edos.<\/p>\n","protected":false},"author":14,"featured_media":38992,"comment_status":"open","ping_status":"open","sticky":false,"template":"","format":"standard","meta":{"footnotes":""},"categories":[1],"tags":[91],"class_list":["post-38991","post","type-post","status-publish","format-standard","has-post-thumbnail","hentry","category-uncategorized","tag-cronica"],"_links":{"self":[{"href":"https:\/\/elmercuriomanta.ec\/index.php\/wp-json\/wp\/v2\/posts\/38991","targetHints":{"allow":["GET"]}}],"collection":[{"href":"https:\/\/elmercuriomanta.ec\/index.php\/wp-json\/wp\/v2\/posts"}],"about":[{"href":"https:\/\/elmercuriomanta.ec\/index.php\/wp-json\/wp\/v2\/types\/post"}],"author":[{"embeddable":true,"href":"https:\/\/elmercuriomanta.ec\/index.php\/wp-json\/wp\/v2\/users\/14"}],"replies":[{"embeddable":true,"href":"https:\/\/elmercuriomanta.ec\/index.php\/wp-json\/wp\/v2\/comments?post=38991"}],"version-history":[{"count":2,"href":"https:\/\/elmercuriomanta.ec\/index.php\/wp-json\/wp\/v2\/posts\/38991\/revisions"}],"predecessor-version":[{"id":38994,"href":"https:\/\/elmercuriomanta.ec\/index.php\/wp-json\/wp\/v2\/posts\/38991\/revisions\/38994"}],"wp:featuredmedia":[{"embeddable":true,"href":"https:\/\/elmercuriomanta.ec\/index.php\/wp-json\/wp\/v2\/media\/38992"}],"wp:attachment":[{"href":"https:\/\/elmercuriomanta.ec\/index.php\/wp-json\/wp\/v2\/media?parent=38991"}],"wp:term":[{"taxonomy":"category","embeddable":true,"href":"https:\/\/elmercuriomanta.ec\/index.php\/wp-json\/wp\/v2\/categories?post=38991"},{"taxonomy":"post_tag","embeddable":true,"href":"https:\/\/elmercuriomanta.ec\/index.php\/wp-json\/wp\/v2\/tags?post=38991"}],"curies":[{"name":"wp","href":"https:\/\/api.w.org\/{rel}","templated":true}]}}