{"id":3898,"date":"2023-08-10T10:13:05","date_gmt":"2023-08-10T15:13:05","guid":{"rendered":"https:\/\/elmercuriomanta.ec\/?p=3898"},"modified":"2023-08-10T10:13:05","modified_gmt":"2023-08-10T15:13:05","slug":"fernando-villavicencio-candidato-presidencial-fue-asesinado","status":"publish","type":"post","link":"https:\/\/elmercuriomanta.ec\/index.php\/2023\/08\/10\/fernando-villavicencio-candidato-presidencial-fue-asesinado\/","title":{"rendered":"Fernando Villavicencio, candidato presidencial, fue asesinado"},"content":{"rendered":"\n<figure class=\"wp-block-image aligncenter size-full is-resized\"><img fetchpriority=\"high\" decoding=\"async\" src=\"https:\/\/elmercuriomanta.ec\/wp-content\/uploads\/2023\/08\/image-54.png\" alt=\"\" class=\"wp-image-3899\" width=\"604\" height=\"364\" srcset=\"https:\/\/elmercuriomanta.ec\/wp-content\/uploads\/2023\/08\/image-54.png 436w, https:\/\/elmercuriomanta.ec\/wp-content\/uploads\/2023\/08\/image-54-300x181.png 300w\" sizes=\"(max-width: 604px) 100vw, 604px\" \/><figcaption class=\"wp-element-caption\">Fernando Villavicencio fue asesinado la tarde de este 9 de agosto en<br>Quito. KARINA DEFAZ<\/figcaption><\/figure>\n\n\n\n<p>El ECU911 recibi\u00f3 una alerta sobre una balacera en Quito, alrededor de las 18:20 de este 9 de agosto de 2023. El atentado sucedi\u00f3 en el evento electoral del candidato a la Presidencia, Fernando Villavicencio, quien fue asesinado por sicarios. Cuando el exlegislador y aspirante a Carondelet estaba abandonando el coliseo donde estaban sus simpatizantes, camin\u00f3 para subirse a su veh\u00edculo de campa\u00f1a y cuando se sent\u00f3 en el asiento trasero recibi\u00f3 tres tiros en la cabeza.<\/p>\n\n\n\n<p>La gente corri\u00f3 despavorida, buscando refugio y ayuda, mientras hubo una r\u00e1faga de disparos. Villavicencio fue trasladado a una cl\u00ednica cercana al sector, donde se confirm\u00f3 su fallecimiento, que fue anunciado por el ministro del Interior, Juan Zapata. Adem\u00e1s, hubo nueve heridos, entre ellos una candidata a asamble\u00edsta (Gisela Molina) y dos polic\u00edas. Un t\u00edo del candidato dijo que entre los heridos hab\u00eda personas cercanas a Villavicencio y describi\u00f3 la escena como una \u201cpel\u00edcula de terror\u201d.<\/p>\n\n\n\n<p>El familiar reclam\u00f3 que la Polic\u00eda no haya sido capaz de prever el atentado y reneg\u00f3 que la seguridad no sirvi\u00f3 para nada, pese a que el candidato tambi\u00e9n ten\u00eda escolta privada. Villavicencio era uno de los siete presidenciables que contaba con resguardo policial. El candidato presidencial denunci\u00f3, a finales de julio, que hab\u00eda sido amenazado por miembros de una banda del crimen organizado. Esa no fue la \u00fanica amenaza. Esto porque Villavicencio se caracteriz\u00f3 siempre por sus denuncias sobre corrupci\u00f3n y no hab\u00eda dejado de hacerlo durante esta campa\u00f1a electoral.<\/p>\n\n\n\n<p>La Polic\u00eda tambi\u00e9n hizo un barrido en el lugar del asesinato, para descartar la presencia de explosivos y ejecut\u00f3 una detonaci\u00f3n controlada de un artefacto que estaba ubicado a pocos metros del coliseo. Ala\u00edn Luna, director de Investigaciones de la Polic\u00eda, calific\u00f3 el asesinato como un ataque terrorista y dijo que est\u00e1 en ejecuci\u00f3n un plan para dar con los responsables. Y agreg\u00f3 que \u201cel resguardo policial s\u00ed se dio.<\/p>\n\n\n\n<p>Por eso hay polic\u00edas tambi\u00e9n heridos\u201d. Mientras que la Fiscal\u00eda confirm\u00f3 que un sospechoso, que result\u00f3 herido durante el cruce de balas con el personal de seguridad, fue aprehendido y trasladado hasta la Unidad de Flagrancia, donde una ambulancia de los Bomberos confirm\u00f3 su deceso. Los uniformados y equipos de emergencias llegaron al lugar para socorrer a los heridos y cerrar el lugar para las investigaciones fiscales.<\/p>\n\n\n\n<p>Alrededor de las 19:00, los agentes ya estaban recolectando indicios en la escena del crimen, cuyos alrededores permanecen cerrados al tr\u00e1nsito. El auto de medicina legal, arrib\u00f3 a los exteriores de la cl\u00ednica, cerca de las 21:00, para recoger el cad\u00e1ver de Fernando Villavicencio y trasladarlo a la morgue, para realizar las pericias respectivas. Mientras que decenas de simpatizantes coreaban: \u201cFernando, amigo, el pueblo est\u00e1 contigo\u201d, en las afueras de la cl\u00ednica.<\/p>\n\n\n\n<figure class=\"wp-block-gallery has-nested-images columns-default is-cropped wp-block-gallery-1 is-layout-flex wp-block-gallery-is-layout-flex\">\n<figure class=\"wp-block-image size-large\"><img decoding=\"async\" width=\"439\" height=\"450\" data-id=\"3900\" src=\"https:\/\/elmercuriomanta.ec\/wp-content\/uploads\/2023\/08\/image-55.png\" alt=\"\" class=\"wp-image-3900\" srcset=\"https:\/\/elmercuriomanta.ec\/wp-content\/uploads\/2023\/08\/image-55.png 439w, https:\/\/elmercuriomanta.ec\/wp-content\/uploads\/2023\/08\/image-55-293x300.png 293w\" sizes=\"(max-width: 439px) 100vw, 439px\" \/><figcaption class=\"wp-element-caption\">Fernando Villavicencio, en el instante en que lleg\u00f3 al CNE a inscribir su<br>precandidatura a la Presidencia de Ecuador, en junio de este a\u00f1o. GUSTAVO GUAMAN \/ EXPRESO<\/figcaption><\/figure>\n\n\n\n<figure class=\"wp-block-image size-large\"><img decoding=\"async\" width=\"430\" height=\"467\" data-id=\"3901\" src=\"https:\/\/elmercuriomanta.ec\/wp-content\/uploads\/2023\/08\/image-56.png\" alt=\"\" class=\"wp-image-3901\" srcset=\"https:\/\/elmercuriomanta.ec\/wp-content\/uploads\/2023\/08\/image-56.png 430w, https:\/\/elmercuriomanta.ec\/wp-content\/uploads\/2023\/08\/image-56-276x300.png 276w\" sizes=\"(max-width: 430px) 100vw, 430px\" \/><figcaption class=\"wp-element-caption\">Ambiente en las afueras de la Unidad de Flagrancia.REN\u00c9 FRAGA<\/figcaption><\/figure>\n<\/figure>\n\n\n\n<p><strong>El Gobierno reacciona<\/strong><\/p>\n\n\n\n<p>El presidente Guillermo Lasso dijo estar \u201cindignado y consternado\u201d por el asesinato del candidato presidencial y ofreci\u00f3 su solidaridad y condolencias a su esposa y sus hijas. El Mandatario dijo que el crimen no quedar\u00e1 impune y anunci\u00f3 que el gabinete de seguridad se reunir\u00e1 en Carondelet. A la cita fueron convocados Diana Atamaint, presidenta del Consejo Nacional Electoral; Diana Salazar, Fiscal General; e Iv\u00e1n Saquicela, Presidente de la Corte Nacional de Justicia. En el Palacio se reforz\u00f3 la seguridad para la cita, con militares y polic\u00edas.<\/p>\n\n\n\n<p>&nbsp;Las actividades presidenciales por el 10 de agosto, d\u00eda de la Independencia, fueron canceladas. El evento El candidato por el movimiento Construye ten\u00eda un m\u00edtin en un coliseo de un colegio entre las avenidas Gaspar de Villarroel y Amazonas, donde recibi\u00f3 el respaldo de cientos de ciudadanos. El periodista Christian Zurita, amigo del candidato, estaba en el evento y report\u00f3 la balacera desde su cuenta de X.<\/p>\n\n\n\n<p>En el v\u00eddeo se escucha a los asistentes gritando, tir\u00e1ndose al suelo, y disparos de fondo. Adem\u00e1s, dos horas despu\u00e9s, alrededor de las 20:40, el movimiento Construye denunci\u00f3 que hab\u00eda hombres armados atacando su sede partidista en Quito.<\/p>\n\n\n\n<p><strong>Un sospechoso fallece en la fiscal\u00eda<\/strong><\/p>\n\n\n\n<p>Despu\u00e9s del asesinato del candidato a la Presidencia de Ecuador, Fernando Villavicencio, sus simpatizantes lograron retener a uno de los tres sicarios que participaron en el crimen cometido a las 18:00 de este mi\u00e9rcoles, 9 de agosto, en Quito. Fue llevado a la Unidad de Flagrancias de la Fiscal\u00eda, pero horas despu\u00e9s muri\u00f3, seg\u00fan report\u00f3 la organizaci\u00f3n SOS C\u00e1rceles. La Fiscal\u00eda comunic\u00f3 que investiga el asesinato de Villavicencio, y explic\u00f3 c\u00f3mo muri\u00f3 el hombre que estaba en su custodia.<\/p>\n\n\n\n<p>\u00abUn sospechoso, que result\u00f3 herido durante el cruce de balas con el personal de seguridad, fue aprehendido y trasladado malherido hasta la Unidad de Flagrancia en Quito. Una ambulancia de los Bomberos confirm\u00f3 su deceso. La Polic\u00eda procede con el levantamiento del cad\u00e1ver\u00bb, indic\u00f3 la Fiscal\u00eda. En redes sociales se difundieron im\u00e1genes del detenido, tendido en el piso de la Unidad de Flagrancia, con heridas de bala.<\/p>\n\n\n\n<p>Adem\u00e1s, hasta el momento se reportan 9 heridos (v\u00edctimas del atentado), entre ellos una candidata a asamble\u00edsta y dos polic\u00edas. Se conoce que tres hombres en una moto dispararon contra Villavicencio cuando \u00e9l estaba abordando un veh\u00edculo al salir de un m\u00edtin en un coliseo. Ten\u00eda custodia policial, pero no sirvi\u00f3 de nada.<\/p>\n\n\n\n<figure class=\"wp-block-gallery has-nested-images columns-default is-cropped wp-block-gallery-2 is-layout-flex wp-block-gallery-is-layout-flex\">\n<figure class=\"wp-block-image size-large\"><img loading=\"lazy\" decoding=\"async\" width=\"440\" height=\"240\" data-id=\"3902\" src=\"https:\/\/elmercuriomanta.ec\/wp-content\/uploads\/2023\/08\/image-57.png\" alt=\"\" class=\"wp-image-3902\" srcset=\"https:\/\/elmercuriomanta.ec\/wp-content\/uploads\/2023\/08\/image-57.png 440w, https:\/\/elmercuriomanta.ec\/wp-content\/uploads\/2023\/08\/image-57-300x164.png 300w\" sizes=\"(max-width: 440px) 100vw, 440px\" \/><figcaption class=\"wp-element-caption\">El candidato Fernando Villavicencio fue trasladado a una cl\u00ednica tras el<br>ataque. En el sitio se confirm\u00f3 su muerteKARINA DEFAS<\/figcaption><\/figure>\n\n\n\n<figure class=\"wp-block-image size-large\"><img loading=\"lazy\" decoding=\"async\" width=\"442\" height=\"281\" data-id=\"3903\" src=\"https:\/\/elmercuriomanta.ec\/wp-content\/uploads\/2023\/08\/image-58.png\" alt=\"\" class=\"wp-image-3903\" srcset=\"https:\/\/elmercuriomanta.ec\/wp-content\/uploads\/2023\/08\/image-58.png 442w, https:\/\/elmercuriomanta.ec\/wp-content\/uploads\/2023\/08\/image-58-300x191.png 300w\" sizes=\"(max-width: 442px) 100vw, 442px\" \/><figcaption class=\"wp-element-caption\">Los simpatizantes de Fernando Villavicencio detuvieron a un sospechoso,<br>que fue herido por la Polic\u00eda y muri\u00f3 despu\u00e9s en la Fiscal\u00eda. (API)<\/figcaption><\/figure>\n<\/figure>\n\n\n\n<p><strong>Candidatos presidenciales se pronuncian<\/strong><\/p>\n\n\n\n<p>Luego de la confirmaci\u00f3n de la muerte del candidato presidencial por el movimiento Construye y exasamble\u00edsta Fernando Villavicencio. El exvicepresidente de la Rep\u00fablica y tambi\u00e9n presidenciable Otto Sonnenholzner lamentaron lo ocurrido y mostraron sus condolencias a sus familiares. El candidato por el Partido Social Cristiano, Jan Topic tambi\u00e9n lo hizo y expres\u00f3 su solidaridad con sus seguidores y amigos, ratific\u00f3 \u00abla necesidad de la mano dura contra la delincuencia\u00bb.<\/p>\n\n\n\n<p>La carta del corre\u00edsmo Luisa Gonz\u00e1lez, expuso que sinti\u00f3 indignaci\u00f3n al enterarse del atentado contra el tambi\u00e9n periodista investigador Villavicencio. Mientras que Xavier Hervas, qui\u00e9n es respaldado por el movimiento pol\u00edtico RETO, expuso que se ha \u00abllegado a un punto cr\u00edtico\u00bb con el fallecimiento de un candidato presidencial en manos del crimen organizado. Hizo un llamado a la oraci\u00f3n.<\/p>\n\n\n\n<p>En tanto que Yaku P\u00e9rez, carta pol\u00edtica de Uni\u00f3n Popular, el Partido Socialista y Democracia S\u00ed. enfatiz\u00f3 que el crimen no debe quedar en la impunidad y calific\u00f3 que se trata de un momento para unirse y recuperar la paz. Quien tambi\u00e9n comparti\u00f3 sus condolencias por redes sociales fue el exlegislador y empresario Daniel Noboa Az\u00edn, que representa a la alianza AND en la carrera electoral.<\/p>\n\n\n\n<p>\u00c9l dijo que la situaci\u00f3n vivida es \u00abun atentado contra el Pa\u00eds, la democracia y la paz de todos los ecuatorianos\u00bb. En tanto que la exautoridad nacional de las juntas parroquiales, Bol\u00edvar Armijos, del movimiento Amigo Lista 16, se\u00f1al\u00f3 que Ecuador Desangra.<\/p>\n\n\n\n<figure class=\"wp-block-image aligncenter size-full is-resized\"><img loading=\"lazy\" decoding=\"async\" src=\"https:\/\/elmercuriomanta.ec\/wp-content\/uploads\/2023\/08\/image-59.png\" alt=\"\" class=\"wp-image-3904\" width=\"590\" height=\"431\" srcset=\"https:\/\/elmercuriomanta.ec\/wp-content\/uploads\/2023\/08\/image-59.png 442w, https:\/\/elmercuriomanta.ec\/wp-content\/uploads\/2023\/08\/image-59-300x219.png 300w\" sizes=\"(max-width: 590px) 100vw, 590px\" \/><figcaption class=\"wp-element-caption\">Al menos nueve personas resultaron heridas tras el atentado en el que<br>falleci\u00f3 Fernando Villavicencio.( Foto: API \/ Juan Ruiz )<\/figcaption><\/figure>\n\n\n\n<div class=\"wp-block-essential-blocks-social\"><div class=\"eb-parent-wrapper eb-parent-eb-social-links-os8o1fr \"><div class=\"eb-social-links-os8o1fr eb-social-links-wrapper\"><ul class=\"eb-socials\"><li><a class=\"facebook-f-original  \" href=\"\/\/www.facebook.com\/YoSoyElMercurio\/?locale=es_LA\" target=\"_self\" rel=\"noopener\"><i class=\"hvr-icon eb-social-icon fab fa-facebook-f\"><\/i><\/a><\/li><li><a class=\"twitter-original  \" href=\"\/\/twitter.com\/elmercuriomanta\" target=\"_self\" rel=\"noopener\"><i class=\"hvr-icon eb-social-icon fab fa-twitter\"><\/i><\/a><\/li><li><a class=\"instagram-original  \" href=\"\/\/www.instagram.com\/elmercuriomanta\/?hl=es\" target=\"_self\" rel=\"noopener\"><i class=\"hvr-icon eb-social-icon fab fa-instagram\"><\/i><\/a><\/li><\/ul><\/div><\/div><\/div>\n","protected":false},"excerpt":{"rendered":"<p>El ECU911 recibi\u00f3 una alerta sobre una balacera en Quito, alrededor de las 18:20 de este 9 de agosto de 2023. El atentado sucedi\u00f3 en el evento electoral del candidato a la Presidencia, Fernando Villavicencio, quien fue asesinado por sicarios. Cuando el exlegislador y aspirante a Carondelet estaba abandonando el coliseo donde estaban sus simpatizantes, [&hellip;]<\/p>\n","protected":false},"author":12,"featured_media":3899,"comment_status":"open","ping_status":"open","sticky":false,"template":"","format":"standard","meta":{"footnotes":""},"categories":[20],"tags":[],"class_list":["post-3898","post","type-post","status-publish","format-standard","has-post-thumbnail","hentry","category-portada-2"],"_links":{"self":[{"href":"https:\/\/elmercuriomanta.ec\/index.php\/wp-json\/wp\/v2\/posts\/3898","targetHints":{"allow":["GET"]}}],"collection":[{"href":"https:\/\/elmercuriomanta.ec\/index.php\/wp-json\/wp\/v2\/posts"}],"about":[{"href":"https:\/\/elmercuriomanta.ec\/index.php\/wp-json\/wp\/v2\/types\/post"}],"author":[{"embeddable":true,"href":"https:\/\/elmercuriomanta.ec\/index.php\/wp-json\/wp\/v2\/users\/12"}],"replies":[{"embeddable":true,"href":"https:\/\/elmercuriomanta.ec\/index.php\/wp-json\/wp\/v2\/comments?post=3898"}],"version-history":[{"count":1,"href":"https:\/\/elmercuriomanta.ec\/index.php\/wp-json\/wp\/v2\/posts\/3898\/revisions"}],"predecessor-version":[{"id":3905,"href":"https:\/\/elmercuriomanta.ec\/index.php\/wp-json\/wp\/v2\/posts\/3898\/revisions\/3905"}],"wp:featuredmedia":[{"embeddable":true,"href":"https:\/\/elmercuriomanta.ec\/index.php\/wp-json\/wp\/v2\/media\/3899"}],"wp:attachment":[{"href":"https:\/\/elmercuriomanta.ec\/index.php\/wp-json\/wp\/v2\/media?parent=3898"}],"wp:term":[{"taxonomy":"category","embeddable":true,"href":"https:\/\/elmercuriomanta.ec\/index.php\/wp-json\/wp\/v2\/categories?post=3898"},{"taxonomy":"post_tag","embeddable":true,"href":"https:\/\/elmercuriomanta.ec\/index.php\/wp-json\/wp\/v2\/tags?post=3898"}],"curies":[{"name":"wp","href":"https:\/\/api.w.org\/{rel}","templated":true}]}}