{"id":3894,"date":"2023-08-10T09:45:48","date_gmt":"2023-08-10T14:45:48","guid":{"rendered":"https:\/\/elmercuriomanta.ec\/?p=3894"},"modified":"2023-08-10T09:51:11","modified_gmt":"2023-08-10T14:51:11","slug":"nuevo-estado-de-excepcion-anula-el-toque-de-queda-en-manabi-los-rios-y-duran","status":"publish","type":"post","link":"https:\/\/elmercuriomanta.ec\/index.php\/2023\/08\/10\/nuevo-estado-de-excepcion-anula-el-toque-de-queda-en-manabi-los-rios-y-duran\/","title":{"rendered":"Nuevo estado de excepci\u00f3n anula el toque de queda en Manab\u00ed, Los R\u00edos y Dur\u00e1n"},"content":{"rendered":"\n<figure class=\"wp-block-image aligncenter size-full is-resized\"><img fetchpriority=\"high\" decoding=\"async\" src=\"https:\/\/elmercuriomanta.ec\/wp-content\/uploads\/2023\/08\/image-53.png\" alt=\"\" class=\"wp-image-3895\" width=\"380\" height=\"258\" srcset=\"https:\/\/elmercuriomanta.ec\/wp-content\/uploads\/2023\/08\/image-53.png 640w, https:\/\/elmercuriomanta.ec\/wp-content\/uploads\/2023\/08\/image-53-300x203.png 300w\" sizes=\"(max-width: 380px) 100vw, 380px\" \/><\/figure>\n\n\n\n<p>Luego del asesinato del periodista y pol\u00edtico ecuatoriano\u00a0Fernando Villavicencio, el presidente de la Rep\u00fablica Guillermo Lasso decret\u00f3 un nuevo estado de excepci\u00f3n en el pa\u00eds, esto a trav\u00e9s del Decreto Ejecutivo 841.<\/p>\n\n\n\n<p>El Presidente dispuso este nuevo estado de excepci\u00f3n por \u201cgrave conmoci\u00f3n interna\u201d despu\u00e9s del ataque armado en el falleci\u00f3 el candidato presidencial Fernando Villavicencio. Este nuevo decreto deroga al 824 que fue firmado y anunciado el pasado domingo 23 de julio del 2023 despu\u00e9s del asesinato del Alcalde de Manta, Agust\u00edn Intriago y la deportista Arianna Chancay..<\/p>\n\n\n\n<p>En el decreto 824 se anunci\u00f3 estado de excepci\u00f3n por 60 d\u00edas y adem\u00e1s de toque de queda en las provincias de&nbsp;Manab\u00ed y Los R\u00edos. La mismas medidas se aplicaron tambi\u00e9n para el cant\u00f3n Dur\u00e1n, provincias de Guayas, donde se registraron varios atentados y el asesinato de un funcionario municipal.<\/p>\n\n\n\n<p>Con el nuevo decreto se elimina la restricci\u00f3n de movilidad que reg\u00eda desde las 22h00 hasta las 05h00 del d\u00eda siguiente.<\/p>\n\n\n\n<p><strong>Crimen de Villavicencio<\/strong><\/p>\n\n\n\n<p>El exasamble\u00edsta y candidato presidencial, Fernando Villavicencio&nbsp;fue asesinado al estilo sicariato, pasadas las 18h00 del mi\u00e9rcoles 9 de agosto del 2023. Villavicencio sal\u00eda de un mitin pol\u00edtico cuando lo atacaron con armas de fuego.<\/p>\n\n\n\n<p>Uno de los principales sospechosos de este ataque armado tambi\u00e9n muri\u00f3 luego de resultar herido tras un cruce de balas con el equipo de seguridad de Villavicencio, se inform\u00f3.<\/p>\n\n\n\n<p>El Gobierno decret\u00f3, adem\u00e1s del estado de excepci\u00f3n, tres d\u00edas de luto nacional tras el asesinato del candidato a la presidencia de la Rep\u00fablica.<\/p>\n\n\n\n<p>La viuda de Villavicencio, Ver\u00f3nica Sarauz, asegur\u00f3 que la seguridad de su esposo fall\u00f3. \u00abLo asesinaron porque fue el \u00fanico que se enfrent\u00f3 a las mafias\u00bb dijo<\/p>\n\n\n\n<div class=\"wp-block-essential-blocks-social\"><div class=\"eb-parent-wrapper eb-parent-eb-social-links-1fyggcb \"><div class=\"eb-social-links-1fyggcb eb-social-links-wrapper\"><ul class=\"eb-socials\"><li><a class=\"facebook-f-original  \" href=\"\/\/www.facebook.com\/YoSoyElMercurio\/?locale=es_LA\" target=\"_self\" rel=\"noopener\"><i class=\"hvr-icon eb-social-icon fab fa-facebook-f\"><\/i><\/a><\/li><li><a class=\"twitter-original  \" href=\"\/\/twitter.com\/elmercuriomanta\" target=\"_self\" rel=\"noopener\"><i class=\"hvr-icon eb-social-icon fab fa-twitter\"><\/i><\/a><\/li><li><a class=\"instagram-original  \" href=\"\/\/www.instagram.com\/elmercuriomanta\/?hl=es\" target=\"_self\" rel=\"noopener\"><i class=\"hvr-icon eb-social-icon fab fa-instagram\"><\/i><\/a><\/li><\/ul><\/div><\/div><\/div>\n","protected":false},"excerpt":{"rendered":"<p>Luego del asesinato del periodista y pol\u00edtico ecuatoriano\u00a0Fernando Villavicencio, el presidente de la Rep\u00fablica Guillermo Lasso decret\u00f3 un nuevo estado de excepci\u00f3n en el pa\u00eds, esto a trav\u00e9s del Decreto Ejecutivo 841. El Presidente dispuso este nuevo estado de excepci\u00f3n por \u201cgrave conmoci\u00f3n interna\u201d despu\u00e9s del ataque armado en el falleci\u00f3 el candidato presidencial Fernando [&hellip;]<\/p>\n","protected":false},"author":12,"featured_media":3895,"comment_status":"open","ping_status":"open","sticky":false,"template":"","format":"standard","meta":{"footnotes":""},"categories":[19],"tags":[],"class_list":["post-3894","post","type-post","status-publish","format-standard","has-post-thumbnail","hentry","category-portada-1"],"_links":{"self":[{"href":"https:\/\/elmercuriomanta.ec\/index.php\/wp-json\/wp\/v2\/posts\/3894","targetHints":{"allow":["GET"]}}],"collection":[{"href":"https:\/\/elmercuriomanta.ec\/index.php\/wp-json\/wp\/v2\/posts"}],"about":[{"href":"https:\/\/elmercuriomanta.ec\/index.php\/wp-json\/wp\/v2\/types\/post"}],"author":[{"embeddable":true,"href":"https:\/\/elmercuriomanta.ec\/index.php\/wp-json\/wp\/v2\/users\/12"}],"replies":[{"embeddable":true,"href":"https:\/\/elmercuriomanta.ec\/index.php\/wp-json\/wp\/v2\/comments?post=3894"}],"version-history":[{"count":2,"href":"https:\/\/elmercuriomanta.ec\/index.php\/wp-json\/wp\/v2\/posts\/3894\/revisions"}],"predecessor-version":[{"id":3897,"href":"https:\/\/elmercuriomanta.ec\/index.php\/wp-json\/wp\/v2\/posts\/3894\/revisions\/3897"}],"wp:featuredmedia":[{"embeddable":true,"href":"https:\/\/elmercuriomanta.ec\/index.php\/wp-json\/wp\/v2\/media\/3895"}],"wp:attachment":[{"href":"https:\/\/elmercuriomanta.ec\/index.php\/wp-json\/wp\/v2\/media?parent=3894"}],"wp:term":[{"taxonomy":"category","embeddable":true,"href":"https:\/\/elmercuriomanta.ec\/index.php\/wp-json\/wp\/v2\/categories?post=3894"},{"taxonomy":"post_tag","embeddable":true,"href":"https:\/\/elmercuriomanta.ec\/index.php\/wp-json\/wp\/v2\/tags?post=3894"}],"curies":[{"name":"wp","href":"https:\/\/api.w.org\/{rel}","templated":true}]}}