{"id":38758,"date":"2025-03-19T15:15:14","date_gmt":"2025-03-19T20:15:14","guid":{"rendered":"https:\/\/elmercuriomanta.ec\/?p=38758"},"modified":"2025-03-19T15:33:19","modified_gmt":"2025-03-19T20:33:19","slug":"38758","status":"publish","type":"post","link":"https:\/\/elmercuriomanta.ec\/index.php\/2025\/03\/19\/38758\/","title":{"rendered":"Moradores de Costa Azul exigen reparaci\u00f3n de calles y mejor iluminaci\u00f3n"},"content":{"rendered":"\n<div class=\"wp-block-columns is-layout-flex wp-container-core-columns-is-layout-28f84493 wp-block-columns-is-layout-flex\">\n<div class=\"wp-block-column is-layout-flow wp-block-column-is-layout-flow\">\n<figure class=\"wp-block-image size-large is-resized\"><img fetchpriority=\"high\" decoding=\"async\" width=\"714\" height=\"1024\" src=\"https:\/\/elmercuriomanta.ec\/wp-content\/uploads\/2025\/03\/WhatsApp-Image-2025-03-19-at-15.29.11-714x1024.jpeg\" alt=\"\" class=\"wp-image-38770\" style=\"width:121px;height:auto\" srcset=\"https:\/\/elmercuriomanta.ec\/wp-content\/uploads\/2025\/03\/WhatsApp-Image-2025-03-19-at-15.29.11-714x1024.jpeg 714w, https:\/\/elmercuriomanta.ec\/wp-content\/uploads\/2025\/03\/WhatsApp-Image-2025-03-19-at-15.29.11-209x300.jpeg 209w, https:\/\/elmercuriomanta.ec\/wp-content\/uploads\/2025\/03\/WhatsApp-Image-2025-03-19-at-15.29.11-768x1102.jpeg 768w, https:\/\/elmercuriomanta.ec\/wp-content\/uploads\/2025\/03\/WhatsApp-Image-2025-03-19-at-15.29.11.jpeg 892w\" sizes=\"(max-width: 714px) 100vw, 714px\" \/><\/figure>\n<\/div>\n\n\n\n<div class=\"wp-block-column is-layout-flow wp-block-column-is-layout-flow\">\n<figure class=\"wp-block-image size-large is-resized\"><img decoding=\"async\" width=\"693\" height=\"1024\" src=\"https:\/\/elmercuriomanta.ec\/wp-content\/uploads\/2025\/03\/WhatsApp-Image-2025-03-19-at-15.28.52-693x1024.jpeg\" alt=\"\" class=\"wp-image-38772\" style=\"width:115px;height:auto\" srcset=\"https:\/\/elmercuriomanta.ec\/wp-content\/uploads\/2025\/03\/WhatsApp-Image-2025-03-19-at-15.28.52-693x1024.jpeg 693w, https:\/\/elmercuriomanta.ec\/wp-content\/uploads\/2025\/03\/WhatsApp-Image-2025-03-19-at-15.28.52-203x300.jpeg 203w, https:\/\/elmercuriomanta.ec\/wp-content\/uploads\/2025\/03\/WhatsApp-Image-2025-03-19-at-15.28.52-768x1135.jpeg 768w, https:\/\/elmercuriomanta.ec\/wp-content\/uploads\/2025\/03\/WhatsApp-Image-2025-03-19-at-15.28.52.jpeg 866w\" sizes=\"(max-width: 693px) 100vw, 693px\" \/><\/figure>\n<\/div>\n<\/div>\n\n\n\n<p>Los habitantes del barrio Costa Azul denuncian el mal estado de sus calles, que se encuentran completamente destruidas y llenas de baches, los cuales se agravan con la acumulaci\u00f3n de agua de lluvia.<\/p>\n\n\n\n<p>\u201cAntes se realizaba el bacheo con regularidad y era m\u00e1s f\u00e1cil transitar, pero ahora parece que nos han olvidado\u201d, expres\u00f3 un morador, quien adem\u00e1s destac\u00f3 que, en la administraci\u00f3n de Agust\u00edn Intriago, se trabajaba en el arreglo de las v\u00edas y en la iluminaci\u00f3n del sector.<\/p>\n\n\n\n<div class=\"wp-block-columns is-layout-flex wp-container-core-columns-is-layout-28f84493 wp-block-columns-is-layout-flex\">\n<div class=\"wp-block-column is-layout-flow wp-block-column-is-layout-flow\">\n<figure class=\"wp-block-image size-large is-resized\"><img decoding=\"async\" width=\"646\" height=\"1024\" src=\"https:\/\/elmercuriomanta.ec\/wp-content\/uploads\/2025\/03\/WhatsApp-Image-2025-03-19-at-15.31.52-1-646x1024.jpeg\" alt=\"\" class=\"wp-image-38773\" style=\"width:167px;height:auto\" srcset=\"https:\/\/elmercuriomanta.ec\/wp-content\/uploads\/2025\/03\/WhatsApp-Image-2025-03-19-at-15.31.52-1-646x1024.jpeg 646w, https:\/\/elmercuriomanta.ec\/wp-content\/uploads\/2025\/03\/WhatsApp-Image-2025-03-19-at-15.31.52-1-189x300.jpeg 189w, https:\/\/elmercuriomanta.ec\/wp-content\/uploads\/2025\/03\/WhatsApp-Image-2025-03-19-at-15.31.52-1-768x1217.jpeg 768w, https:\/\/elmercuriomanta.ec\/wp-content\/uploads\/2025\/03\/WhatsApp-Image-2025-03-19-at-15.31.52-1.jpeg 808w\" sizes=\"(max-width: 646px) 100vw, 646px\" \/><\/figure>\n<\/div>\n\n\n\n<div class=\"wp-block-column is-layout-flow wp-block-column-is-layout-flow\">\n<figure class=\"wp-block-image size-large is-resized\"><img loading=\"lazy\" decoding=\"async\" width=\"678\" height=\"1024\" src=\"https:\/\/elmercuriomanta.ec\/wp-content\/uploads\/2025\/03\/WhatsApp-Image-2025-03-19-at-15.31.52-678x1024.jpeg\" alt=\"\" class=\"wp-image-38774\" style=\"width:171px;height:auto\" srcset=\"https:\/\/elmercuriomanta.ec\/wp-content\/uploads\/2025\/03\/WhatsApp-Image-2025-03-19-at-15.31.52-678x1024.jpeg 678w, https:\/\/elmercuriomanta.ec\/wp-content\/uploads\/2025\/03\/WhatsApp-Image-2025-03-19-at-15.31.52-199x300.jpeg 199w, https:\/\/elmercuriomanta.ec\/wp-content\/uploads\/2025\/03\/WhatsApp-Image-2025-03-19-at-15.31.52-768x1159.jpeg 768w, https:\/\/elmercuriomanta.ec\/wp-content\/uploads\/2025\/03\/WhatsApp-Image-2025-03-19-at-15.31.52.jpeg 848w\" sizes=\"(max-width: 678px) 100vw, 678px\" \/><\/figure>\n<\/div>\n<\/div>\n\n\n\n<p>Otro de los problemas que afecta a la comunidad es la falta de luminarias, lo que deja a varias calles en completa oscuridad. \u201cNo entiendo por qu\u00e9 la empresa encargada no se preocupa por revisar qu\u00e9 l\u00e1mparas est\u00e1n da\u00f1adas. Nosotros estamos al d\u00eda con los impuestos y los servicios b\u00e1sicos, pero parece que nos han abandonado\u201d, agreg\u00f3 un residente.<\/p>\n\n\n\n<p>Por su parte, otra moradora se\u00f1al\u00f3 que las calles transversales a\u00fan no han sido lastradas, lo que empeora su estado con la llegada del invierno y dificulta la movilidad. Ante esto, sugiri\u00f3 que se contemple una soluci\u00f3n definitiva para las v\u00edas, incluyendo la adecuaci\u00f3n de veredas y rastrillos.<\/p>\n\n\n\n<p>Los vecinos hacen un llamado urgente a la Alcaldesa para que atienda sus reclamos y se priorice la reparaci\u00f3n de calles y luminarias en el sector. \u201cNosotros somos los que sufrimos a diario esta situaci\u00f3n. Pedimos de coraz\u00f3n que nos ayuden a arreglar las calles y tapar los huecos\u201d, concluy\u00f3 uno de los afectados.<\/p>\n","protected":false},"excerpt":{"rendered":"<p>Los habitantes del barrio Costa Azul denuncian el mal estado de sus calles, que se encuentran completamente destruidas y llenas de baches, los cuales se agravan con la acumulaci\u00f3n de agua de lluvia.<\/p>\n","protected":false},"author":14,"featured_media":38774,"comment_status":"open","ping_status":"open","sticky":false,"template":"","format":"standard","meta":{"footnotes":""},"categories":[20,83,1],"tags":[87,86],"class_list":["post-38758","post","type-post","status-publish","format-standard","has-post-thumbnail","hentry","category-portada-2","category-sucesos","category-uncategorized","tag-el-mercurio-en-los-barrios","tag-en-tu-barrio"],"_links":{"self":[{"href":"https:\/\/elmercuriomanta.ec\/index.php\/wp-json\/wp\/v2\/posts\/38758","targetHints":{"allow":["GET"]}}],"collection":[{"href":"https:\/\/elmercuriomanta.ec\/index.php\/wp-json\/wp\/v2\/posts"}],"about":[{"href":"https:\/\/elmercuriomanta.ec\/index.php\/wp-json\/wp\/v2\/types\/post"}],"author":[{"embeddable":true,"href":"https:\/\/elmercuriomanta.ec\/index.php\/wp-json\/wp\/v2\/users\/14"}],"replies":[{"embeddable":true,"href":"https:\/\/elmercuriomanta.ec\/index.php\/wp-json\/wp\/v2\/comments?post=38758"}],"version-history":[{"count":3,"href":"https:\/\/elmercuriomanta.ec\/index.php\/wp-json\/wp\/v2\/posts\/38758\/revisions"}],"predecessor-version":[{"id":38786,"href":"https:\/\/elmercuriomanta.ec\/index.php\/wp-json\/wp\/v2\/posts\/38758\/revisions\/38786"}],"wp:featuredmedia":[{"embeddable":true,"href":"https:\/\/elmercuriomanta.ec\/index.php\/wp-json\/wp\/v2\/media\/38774"}],"wp:attachment":[{"href":"https:\/\/elmercuriomanta.ec\/index.php\/wp-json\/wp\/v2\/media?parent=38758"}],"wp:term":[{"taxonomy":"category","embeddable":true,"href":"https:\/\/elmercuriomanta.ec\/index.php\/wp-json\/wp\/v2\/categories?post=38758"},{"taxonomy":"post_tag","embeddable":true,"href":"https:\/\/elmercuriomanta.ec\/index.php\/wp-json\/wp\/v2\/tags?post=38758"}],"curies":[{"name":"wp","href":"https:\/\/api.w.org\/{rel}","templated":true}]}}