{"id":38694,"date":"2025-03-18T16:42:02","date_gmt":"2025-03-18T21:42:02","guid":{"rendered":"https:\/\/elmercuriomanta.ec\/?p=38694"},"modified":"2025-03-18T16:42:02","modified_gmt":"2025-03-18T21:42:02","slug":"retiran-sellos-de-clausura-a-radares-y-piden-una-investigacion-fiscal-para-los-autores","status":"publish","type":"post","link":"https:\/\/elmercuriomanta.ec\/index.php\/2025\/03\/18\/retiran-sellos-de-clausura-a-radares-y-piden-una-investigacion-fiscal-para-los-autores\/","title":{"rendered":"Retiran sellos de clausura a radares y piden una investigaci\u00f3n fiscal para los autores"},"content":{"rendered":"\n<figure class=\"wp-block-image aligncenter size-full is-resized\"><img fetchpriority=\"high\" decoding=\"async\" width=\"988\" height=\"743\" src=\"https:\/\/elmercuriomanta.ec\/wp-content\/uploads\/2025\/03\/image-188.png\" alt=\"\" class=\"wp-image-38695\" style=\"width:344px;height:auto\" srcset=\"https:\/\/elmercuriomanta.ec\/wp-content\/uploads\/2025\/03\/image-188.png 988w, https:\/\/elmercuriomanta.ec\/wp-content\/uploads\/2025\/03\/image-188-300x226.png 300w, https:\/\/elmercuriomanta.ec\/wp-content\/uploads\/2025\/03\/image-188-768x578.png 768w\" sizes=\"(max-width: 988px) 100vw, 988px\" \/><\/figure>\n\n\n\n<p> La Comisi\u00f3n de Tr\u00e1nsito del Ecuador (CTE) ha decidido tomar acciones y present\u00f3 una denuncia ante la Fiscal\u00eda General del Estado, pidiendo que se investigue el retiro de seis sellos de clausura en fotoradares de la red vial E25.<\/p>\n\n\n\n<p> Estos radares que estaban bajo la administraci\u00f3n del Consorcio de Seguridad Vial de La Concordia (SEVICO), seg\u00fan indic\u00f3 la entidad a trav\u00e9s de un comunicado, fueron clausurados en febrero tras seguir funcionando a pesar de que los convenios que permit\u00edan su operaci\u00f3n ya hab\u00edan terminado.\u00a0El director provincial de la CTE en Santo Domingo de los Ts\u00e1chilas fue quien present\u00f3 la denuncia en La Concordia, y dej\u00f3 claro que, seg\u00fan las leyes, se debe investigar si hubo alguna irregularidad por parte de los responsables del consorcio SEVICO, tanto personas naturales como jur\u00eddicas. Adem\u00e1s, la CTE ha solicitado que se tomen medidas cautelares para asegurar que los radares permanezcan fuera de servicio. En las \u00faltimas semanas, en las provincias del Guayas y Manab\u00ed se han realizado una serie de operativos para constatar que los dispositivos que no cuentan con el debido certificado de calibraci\u00f3n no est\u00e1n operativos.\u00a0<\/p>\n\n\n\n<p>Impacto en la Regulaci\u00f3n de la Seguridad Vial Por otro lado, la CTE hizo hincapi\u00e9 que en el caso de los radares tipo B, que fueron instalados por los Gobiernos Aut\u00f3nomos Descentralizados (GAD), ya existen resoluciones que terminan los convenios que autorizan su funcionamiento y establecen un plazo para que sean retirados. \u00abAdem\u00e1s, se ha ordenado suspender cualquier acuerdo con entidades bancarias para evitar el cobro indebido de multas generadas por estos dispositivos\u00bb, se\u00f1al\u00f3.&nbsp;<\/p>\n\n\n\n<p>Como public\u00f3 EXPRESO hace una semana, la Agencia Nacional de Tr\u00e1nsito confirm\u00f3 que ning\u00fan radar est\u00e1 habilitado para emitir multas de tr\u00e1nsito. En Ecuador, ninguna multa por exceso de velocidad generada por radares es v\u00e1lida en este momento, confirm\u00f3 Alejandro Lascano, director ejecutivo de la Agencia Nacional de Tr\u00e1nsito (ANT), en una entrevista con WQ Radio.<\/p>\n","protected":false},"excerpt":{"rendered":"<p>La Comisi\u00f3n de Tr\u00e1nsito del Ecuador (CTE) ha decidido tomar acciones y present\u00f3 una denuncia ante la Fiscal\u00eda General del Estado, pidiendo que se investigue el retiro de seis sellos de clausura en fotoradares de la red vial E25.<\/p>\n","protected":false},"author":14,"featured_media":38695,"comment_status":"open","ping_status":"open","sticky":false,"template":"","format":"standard","meta":{"footnotes":""},"categories":[20,1],"tags":[23],"class_list":["post-38694","post","type-post","status-publish","format-standard","has-post-thumbnail","hentry","category-portada-2","category-uncategorized","tag-ecuador"],"_links":{"self":[{"href":"https:\/\/elmercuriomanta.ec\/index.php\/wp-json\/wp\/v2\/posts\/38694","targetHints":{"allow":["GET"]}}],"collection":[{"href":"https:\/\/elmercuriomanta.ec\/index.php\/wp-json\/wp\/v2\/posts"}],"about":[{"href":"https:\/\/elmercuriomanta.ec\/index.php\/wp-json\/wp\/v2\/types\/post"}],"author":[{"embeddable":true,"href":"https:\/\/elmercuriomanta.ec\/index.php\/wp-json\/wp\/v2\/users\/14"}],"replies":[{"embeddable":true,"href":"https:\/\/elmercuriomanta.ec\/index.php\/wp-json\/wp\/v2\/comments?post=38694"}],"version-history":[{"count":1,"href":"https:\/\/elmercuriomanta.ec\/index.php\/wp-json\/wp\/v2\/posts\/38694\/revisions"}],"predecessor-version":[{"id":38716,"href":"https:\/\/elmercuriomanta.ec\/index.php\/wp-json\/wp\/v2\/posts\/38694\/revisions\/38716"}],"wp:featuredmedia":[{"embeddable":true,"href":"https:\/\/elmercuriomanta.ec\/index.php\/wp-json\/wp\/v2\/media\/38695"}],"wp:attachment":[{"href":"https:\/\/elmercuriomanta.ec\/index.php\/wp-json\/wp\/v2\/media?parent=38694"}],"wp:term":[{"taxonomy":"category","embeddable":true,"href":"https:\/\/elmercuriomanta.ec\/index.php\/wp-json\/wp\/v2\/categories?post=38694"},{"taxonomy":"post_tag","embeddable":true,"href":"https:\/\/elmercuriomanta.ec\/index.php\/wp-json\/wp\/v2\/tags?post=38694"}],"curies":[{"name":"wp","href":"https:\/\/api.w.org\/{rel}","templated":true}]}}