{"id":38681,"date":"2025-03-18T10:39:40","date_gmt":"2025-03-18T15:39:40","guid":{"rendered":"https:\/\/elmercuriomanta.ec\/?p=38681"},"modified":"2025-03-18T10:39:40","modified_gmt":"2025-03-18T15:39:40","slug":"asi-sera-el-cronograma-de-matriculacion-para-escuelas-fiscales-en-2025-2026","status":"publish","type":"post","link":"https:\/\/elmercuriomanta.ec\/index.php\/2025\/03\/18\/asi-sera-el-cronograma-de-matriculacion-para-escuelas-fiscales-en-2025-2026\/","title":{"rendered":"As\u00ed ser\u00e1 el cronograma de matriculaci\u00f3n para Escuelas Fiscales en 2025-2026"},"content":{"rendered":"\n<figure class=\"wp-block-image aligncenter size-full is-resized\"><img fetchpriority=\"high\" decoding=\"async\" width=\"640\" height=\"480\" src=\"https:\/\/elmercuriomanta.ec\/wp-content\/uploads\/2025\/03\/image-186-edited.png\" alt=\"\" class=\"wp-image-38689\" style=\"width:266px;height:auto\" srcset=\"https:\/\/elmercuriomanta.ec\/wp-content\/uploads\/2025\/03\/image-186-edited.png 640w, https:\/\/elmercuriomanta.ec\/wp-content\/uploads\/2025\/03\/image-186-edited-300x225.png 300w\" sizes=\"(max-width: 640px) 100vw, 640px\" \/><\/figure>\n\n\n\n<p> El Ministerio de Educaci\u00f3n public\u00f3 el cronograma con las fechas de matriculaci\u00f3n y traslados para el a\u00f1o lectivo 2025-2026 en las instituciones fiscales de las regiones Costa y Gal\u00e1pagos.\u00a0El proceso se realiza en la p\u00e1gina web Juntos por la Educaci\u00f3n y cada paso estar\u00e1 disponible primero para grupos familiares. <\/p>\n\n\n\n<p>Del 18 al 23 de marzo podr\u00e1n ingresar los hermanos que requieren el cambio de un establecimiento educativo a otro. Del 25 al 30 de marzo se podr\u00e1n matricular los hermanos que por primera vez ingresan al sistema educativo p\u00fablico.\u00a0<\/p>\n\n\n\n<p>Del 1 al 13 de abril la plataforma se abrir\u00e1 para el traslado de una instituci\u00f3n a otra para los dem\u00e1s estudiantes, y finalmente, desde el 21 al 27 de abril, se habilitar\u00e1n las matr\u00edculas para ingreso por primera vez de manera general. Los traslados pueden ser de una instituci\u00f3n particular a una instituci\u00f3n p\u00fablica o entre planteles p\u00fablicos. Los requisitos para ambas solicitudes son: \u2022 C\u00e9dula de identidad y correo electr\u00f3nico del representante \u2022 C\u00e9dula de identidad del estudiante, y \u2022 Planilla de luz que se\u00f1ale la direcci\u00f3n del domicilio. El tr\u00e1mite es gratuito.&nbsp;<\/p>\n\n\n\n<p>Los alumnos que contin\u00faan en la misma escuela o colegio p\u00fablico est\u00e1n inscritos para el pr\u00f3ximo a\u00f1o autom\u00e1ticamente. El a\u00f1o lectivo en el ciclo Costa-Gal\u00e1pagos iniciar\u00e1 el lunes 5 de mayo con el retorno de 2.3 millones de estudiantes y 113 mil docentes a las aulas en las 9 253 instituciones educativas de estas dos regiones.<\/p>\n","protected":false},"excerpt":{"rendered":"<p>El Ministerio de Educaci\u00f3n public\u00f3 el cronograma con las fechas de matriculaci\u00f3n y traslados para el a\u00f1o lectivo 2025-2026 en las instituciones fiscales de las regiones Costa y Gal\u00e1pagos.\u00a0El proceso se realiza en la p\u00e1gina web Juntos por la Educaci\u00f3n y cada paso estar\u00e1 disponible primero para grupos familiares. <\/p>\n","protected":false},"author":14,"featured_media":38689,"comment_status":"open","ping_status":"open","sticky":false,"template":"","format":"standard","meta":{"footnotes":""},"categories":[20,83,1],"tags":[23],"class_list":["post-38681","post","type-post","status-publish","format-standard","has-post-thumbnail","hentry","category-portada-2","category-sucesos","category-uncategorized","tag-ecuador"],"_links":{"self":[{"href":"https:\/\/elmercuriomanta.ec\/index.php\/wp-json\/wp\/v2\/posts\/38681","targetHints":{"allow":["GET"]}}],"collection":[{"href":"https:\/\/elmercuriomanta.ec\/index.php\/wp-json\/wp\/v2\/posts"}],"about":[{"href":"https:\/\/elmercuriomanta.ec\/index.php\/wp-json\/wp\/v2\/types\/post"}],"author":[{"embeddable":true,"href":"https:\/\/elmercuriomanta.ec\/index.php\/wp-json\/wp\/v2\/users\/14"}],"replies":[{"embeddable":true,"href":"https:\/\/elmercuriomanta.ec\/index.php\/wp-json\/wp\/v2\/comments?post=38681"}],"version-history":[{"count":1,"href":"https:\/\/elmercuriomanta.ec\/index.php\/wp-json\/wp\/v2\/posts\/38681\/revisions"}],"predecessor-version":[{"id":38690,"href":"https:\/\/elmercuriomanta.ec\/index.php\/wp-json\/wp\/v2\/posts\/38681\/revisions\/38690"}],"wp:featuredmedia":[{"embeddable":true,"href":"https:\/\/elmercuriomanta.ec\/index.php\/wp-json\/wp\/v2\/media\/38689"}],"wp:attachment":[{"href":"https:\/\/elmercuriomanta.ec\/index.php\/wp-json\/wp\/v2\/media?parent=38681"}],"wp:term":[{"taxonomy":"category","embeddable":true,"href":"https:\/\/elmercuriomanta.ec\/index.php\/wp-json\/wp\/v2\/categories?post=38681"},{"taxonomy":"post_tag","embeddable":true,"href":"https:\/\/elmercuriomanta.ec\/index.php\/wp-json\/wp\/v2\/tags?post=38681"}],"curies":[{"name":"wp","href":"https:\/\/api.w.org\/{rel}","templated":true}]}}