{"id":38546,"date":"2025-03-15T17:51:21","date_gmt":"2025-03-15T22:51:21","guid":{"rendered":"https:\/\/elmercuriomanta.ec\/?p=38546"},"modified":"2025-03-15T17:51:21","modified_gmt":"2025-03-15T22:51:21","slug":"mas-de-13-000-personas-afectadas-en-13-cantones-de-los-rios","status":"publish","type":"post","link":"https:\/\/elmercuriomanta.ec\/index.php\/2025\/03\/15\/mas-de-13-000-personas-afectadas-en-13-cantones-de-los-rios\/","title":{"rendered":"M\u00e1s de 13.000 personas afectadas en 13 cantones de Los R\u00edos"},"content":{"rendered":"\n<figure class=\"wp-block-image aligncenter size-full is-resized\"><img fetchpriority=\"high\" decoding=\"async\" width=\"700\" height=\"391\" src=\"https:\/\/elmercuriomanta.ec\/wp-content\/uploads\/2025\/03\/image-157.png\" alt=\"\" class=\"wp-image-38547\" style=\"width:502px;height:auto\" srcset=\"https:\/\/elmercuriomanta.ec\/wp-content\/uploads\/2025\/03\/image-157.png 700w, https:\/\/elmercuriomanta.ec\/wp-content\/uploads\/2025\/03\/image-157-300x168.png 300w\" sizes=\"(max-width: 700px) 100vw, 700px\" \/><\/figure>\n\n\n\n<p>Los efectos de las lluvias y el desbordamiento de ocho r\u00edos, entre ellos el Babahoyo, Quevedo, San Pablo, la Virgen, golpean a la provincia de Los R\u00edos, la tercera m\u00e1s afectada por las inundaciones en el pa\u00eds, seg\u00fan la Secretar\u00eda Nacional de Gesti\u00f3n de Riesgos. Al ingresar a Babahoyo, la capital provincial, el impacto es evidente: fincas, terrenos, edificaciones y viviendas permanecen bajo el agua. Frente a esta emergencia, el Gobierno despleg\u00f3 un plan de asistencia que incluye la entrega de ayuda humanitaria y el acceso a cr\u00e9ditos productivos, especialmente en las zonas rurales. El gobernador de Los R\u00edos, Javier Buitr\u00f3n, inform\u00f3 que hasta el momento se han entregado m\u00e1s de 2.300 kits de asistencia, y se prev\u00e9 superar las 4.700 ayudas en los pr\u00f3ximos d\u00edas.<\/p>\n\n\n\n<p>Adem\u00e1s, BanEcuador ha destinado m\u00e1s de USD 4 millones en pr\u00e9stamos para mitigar el impacto econ\u00f3mico en los sectores afectados. Buitr\u00f3n explic\u00f3 a El Tel\u00e9grafo que los 13 cantones de la provincia han sufrido da\u00f1os y que la cifra de damnificados supera las 13.000 personas. Frente a esta situaci\u00f3n, el presidente Daniel Noboa, quien ya recorri\u00f3 las zonas inundadas junto a su equipo ministerial, dispuso un seguimiento continuo para garantizar que la ayuda llegue a quienes m\u00e1s lo necesiten. Adem\u00e1s de la emergencia clim\u00e1tica, las autoridades han intensificado los operativos de seguridad en toda la provincia. Buitr\u00f3n explic\u00f3 que el objetivo es reducir la inseguridad y devolver la tranquilidad a los habitantes de Los R\u00edos en medio de la crisis. En lo que va de marzo, seis provincias han reportado m\u00e1s de 1.000 personas afectadas provocadas por el invierno y, a escala nacional, son 98.333 las personas impactadas por el invierno y m\u00e1s de 12.000 damnificadas.<\/p>\n","protected":false},"excerpt":{"rendered":"<p>Los efectos de las lluvias y el desbordamiento de ocho r\u00edos, entre ellos el Babahoyo, Quevedo, San Pablo, la Virgen, golpean a la provincia de Los R\u00edos, la tercera m\u00e1s afectada por las inundaciones en el pa\u00eds, seg\u00fan la Secretar\u00eda Nacional de Gesti\u00f3n de Riesgos. Al ingresar a Babahoyo, la capital provincial, el impacto es evidente: fincas, terrenos, edificaciones y viviendas permanecen bajo el agua. Frente a esta emergencia, el Gobierno despleg\u00f3 un plan de asistencia que incluye la entrega de ayuda humanitaria y el acceso a cr\u00e9ditos productivos, especialmente en las zonas rurales. El gobernador de Los R\u00edos, Javier Buitr\u00f3n, inform\u00f3 que hasta el momento se han entregado m\u00e1s de 2.300 kits de asistencia, y se prev\u00e9 superar las 4.700 ayudas en los pr\u00f3ximos d\u00edas.<\/p>\n<p>Adem\u00e1s, BanEcuador ha destinado m\u00e1s de USD 4 millones en pr\u00e9stamos para mitigar el impacto econ\u00f3mico en los sectores afectados. Buitr\u00f3n explic\u00f3 a El Tel\u00e9grafo que los 13 cantones de la provincia han sufrido da\u00f1os y que la cifra de damnificados supera las 13.000 personas. Frente a esta situaci\u00f3n, el presidente Daniel Noboa, quien ya recorri\u00f3 las zonas inundadas junto a su equipo ministerial, dispuso un seguimiento continuo para garantizar que la ayuda llegue a quienes m\u00e1s lo necesiten. Adem\u00e1s de la emergencia clim\u00e1tica, las autoridades han intensificado los operativos de seguridad en toda la provincia. Buitr\u00f3n explic\u00f3 que el objetivo es reducir la inseguridad y devolver la tranquilidad a los habitantes de Los R\u00edos en medio de la crisis. En lo que va de marzo, seis provincias han reportado m\u00e1s de 1.000 personas afectadas provocadas por el invierno y, a escala nacional, son 98.333 las personas impactadas por el invierno y m\u00e1s de 12.000 damnificadas.<\/p>\n","protected":false},"author":12,"featured_media":38547,"comment_status":"open","ping_status":"open","sticky":false,"template":"","format":"standard","meta":{"footnotes":""},"categories":[1],"tags":[23],"class_list":["post-38546","post","type-post","status-publish","format-standard","has-post-thumbnail","hentry","category-uncategorized","tag-ecuador"],"_links":{"self":[{"href":"https:\/\/elmercuriomanta.ec\/index.php\/wp-json\/wp\/v2\/posts\/38546","targetHints":{"allow":["GET"]}}],"collection":[{"href":"https:\/\/elmercuriomanta.ec\/index.php\/wp-json\/wp\/v2\/posts"}],"about":[{"href":"https:\/\/elmercuriomanta.ec\/index.php\/wp-json\/wp\/v2\/types\/post"}],"author":[{"embeddable":true,"href":"https:\/\/elmercuriomanta.ec\/index.php\/wp-json\/wp\/v2\/users\/12"}],"replies":[{"embeddable":true,"href":"https:\/\/elmercuriomanta.ec\/index.php\/wp-json\/wp\/v2\/comments?post=38546"}],"version-history":[{"count":1,"href":"https:\/\/elmercuriomanta.ec\/index.php\/wp-json\/wp\/v2\/posts\/38546\/revisions"}],"predecessor-version":[{"id":38548,"href":"https:\/\/elmercuriomanta.ec\/index.php\/wp-json\/wp\/v2\/posts\/38546\/revisions\/38548"}],"wp:featuredmedia":[{"embeddable":true,"href":"https:\/\/elmercuriomanta.ec\/index.php\/wp-json\/wp\/v2\/media\/38547"}],"wp:attachment":[{"href":"https:\/\/elmercuriomanta.ec\/index.php\/wp-json\/wp\/v2\/media?parent=38546"}],"wp:term":[{"taxonomy":"category","embeddable":true,"href":"https:\/\/elmercuriomanta.ec\/index.php\/wp-json\/wp\/v2\/categories?post=38546"},{"taxonomy":"post_tag","embeddable":true,"href":"https:\/\/elmercuriomanta.ec\/index.php\/wp-json\/wp\/v2\/tags?post=38546"}],"curies":[{"name":"wp","href":"https:\/\/api.w.org\/{rel}","templated":true}]}}