{"id":38509,"date":"2025-03-14T15:20:42","date_gmt":"2025-03-14T20:20:42","guid":{"rendered":"https:\/\/elmercuriomanta.ec\/?p=38509"},"modified":"2025-03-14T15:26:29","modified_gmt":"2025-03-14T20:26:29","slug":"mas-de-220-pacientes-atendidos-por-la-brigada-medica-en-rocafuerte","status":"publish","type":"post","link":"https:\/\/elmercuriomanta.ec\/index.php\/2025\/03\/14\/mas-de-220-pacientes-atendidos-por-la-brigada-medica-en-rocafuerte\/","title":{"rendered":"M\u00e1s de 220 pacientes atendidos por la brigada m\u00e9dica en Rocafuerte"},"content":{"rendered":"\n<div class=\"wp-block-columns is-layout-flex wp-container-core-columns-is-layout-28f84493 wp-block-columns-is-layout-flex\">\n<div class=\"wp-block-column is-layout-flow wp-block-column-is-layout-flow\">\n<figure class=\"wp-block-image size-large\"><img fetchpriority=\"high\" decoding=\"async\" width=\"1024\" height=\"683\" src=\"https:\/\/elmercuriomanta.ec\/wp-content\/uploads\/2025\/03\/WhatsApp-Image-2025-03-14-at-14.55.13-1024x683.jpeg\" alt=\"\" class=\"wp-image-38510\" srcset=\"https:\/\/elmercuriomanta.ec\/wp-content\/uploads\/2025\/03\/WhatsApp-Image-2025-03-14-at-14.55.13-1024x683.jpeg 1024w, https:\/\/elmercuriomanta.ec\/wp-content\/uploads\/2025\/03\/WhatsApp-Image-2025-03-14-at-14.55.13-300x200.jpeg 300w, https:\/\/elmercuriomanta.ec\/wp-content\/uploads\/2025\/03\/WhatsApp-Image-2025-03-14-at-14.55.13-768x512.jpeg 768w, https:\/\/elmercuriomanta.ec\/wp-content\/uploads\/2025\/03\/WhatsApp-Image-2025-03-14-at-14.55.13-1536x1024.jpeg 1536w, https:\/\/elmercuriomanta.ec\/wp-content\/uploads\/2025\/03\/WhatsApp-Image-2025-03-14-at-14.55.13.jpeg 1599w\" sizes=\"(max-width: 1024px) 100vw, 1024px\" \/><\/figure>\n<\/div>\n\n\n\n<div class=\"wp-block-column is-layout-flow wp-block-column-is-layout-flow\">\n<figure class=\"wp-block-image size-large\"><img decoding=\"async\" width=\"1024\" height=\"683\" src=\"https:\/\/elmercuriomanta.ec\/wp-content\/uploads\/2025\/03\/WhatsApp-Image-2025-03-14-at-14.55.13-1-1024x683.jpeg\" alt=\"\" class=\"wp-image-38511\" srcset=\"https:\/\/elmercuriomanta.ec\/wp-content\/uploads\/2025\/03\/WhatsApp-Image-2025-03-14-at-14.55.13-1-1024x683.jpeg 1024w, https:\/\/elmercuriomanta.ec\/wp-content\/uploads\/2025\/03\/WhatsApp-Image-2025-03-14-at-14.55.13-1-300x200.jpeg 300w, https:\/\/elmercuriomanta.ec\/wp-content\/uploads\/2025\/03\/WhatsApp-Image-2025-03-14-at-14.55.13-1-768x512.jpeg 768w, https:\/\/elmercuriomanta.ec\/wp-content\/uploads\/2025\/03\/WhatsApp-Image-2025-03-14-at-14.55.13-1-1536x1024.jpeg 1536w, https:\/\/elmercuriomanta.ec\/wp-content\/uploads\/2025\/03\/WhatsApp-Image-2025-03-14-at-14.55.13-1.jpeg 1599w\" sizes=\"(max-width: 1024px) 100vw, 1024px\" \/><\/figure>\n<\/div>\n<\/div>\n\n\n\n<p>La tarde de este jueves 13 de marzo de 2025, autoridades del Instituto Ecuatoriano de Seguridad Social, IESS, llegaron a Rocafuerte, en Manab\u00ed, para verificar la atenci\u00f3n que ofrecen las brigadas m\u00e9dicas que se desarrollan en esta provincia para atender a las personas afectadas por la temporada invernal.<\/p>\n\n\n\n<p>Eduardo Pe\u00f1a Hurtado, presidente del Consejo Directivo del IESS, Milena Charfuel\u00e1n, directora general y Mar\u00eda de los \u00c1ngeles Rodr\u00edguez, vocal en representaci\u00f3n de los Empleadores constataron que m\u00e1s de 220 pacientes recibieron atenci\u00f3n m\u00e9dica.<\/p>\n\n\n\n<p>Las brigadas m\u00e9dicas, que est\u00e1n activadas desde el 10 de marzo, est\u00e1n integradas por un grupo de profesionales de la salud que ofrecen atenci\u00f3n oportuna y prevenir el contagio de enfermedades.<\/p>\n\n\n\n<p>La poblaci\u00f3n recibe atenci\u00f3n en especialidades como: Medicina General y Familiar, Cardiolog\u00eda, Endocrinolog\u00eda, Ginecolog\u00eda, Neumolog\u00eda, Medicina Interna,&nbsp; Oftalmolog\u00eda,&nbsp; Gastroenterolog\u00eda,&nbsp; Odontolog\u00eda, Psicolog\u00eda y tambi\u00e9n vacunas.<\/p>\n\n\n\n<p>El IESS invita a la ciudadan\u00eda a asistir a las brigadas m\u00e9dicas que se desarrollar\u00e1n en esta provincia.<\/p>\n","protected":false},"excerpt":{"rendered":"<p>La tarde de este jueves 13 de marzo de 2025, autoridades del Instituto Ecuatoriano de Seguridad Social, IESS, llegaron a Rocafuerte, en Manab\u00ed, para verificar la atenci\u00f3n que ofrecen las brigadas m\u00e9dicas que se desarrollan en esta provincia para para atender a las personas afectadas por la temporada invernal.<\/p>\n","protected":false},"author":14,"featured_media":38511,"comment_status":"open","ping_status":"open","sticky":false,"template":"","format":"standard","meta":{"footnotes":""},"categories":[1],"tags":[29],"class_list":["post-38509","post","type-post","status-publish","format-standard","has-post-thumbnail","hentry","category-uncategorized","tag-manabi"],"_links":{"self":[{"href":"https:\/\/elmercuriomanta.ec\/index.php\/wp-json\/wp\/v2\/posts\/38509","targetHints":{"allow":["GET"]}}],"collection":[{"href":"https:\/\/elmercuriomanta.ec\/index.php\/wp-json\/wp\/v2\/posts"}],"about":[{"href":"https:\/\/elmercuriomanta.ec\/index.php\/wp-json\/wp\/v2\/types\/post"}],"author":[{"embeddable":true,"href":"https:\/\/elmercuriomanta.ec\/index.php\/wp-json\/wp\/v2\/users\/14"}],"replies":[{"embeddable":true,"href":"https:\/\/elmercuriomanta.ec\/index.php\/wp-json\/wp\/v2\/comments?post=38509"}],"version-history":[{"count":2,"href":"https:\/\/elmercuriomanta.ec\/index.php\/wp-json\/wp\/v2\/posts\/38509\/revisions"}],"predecessor-version":[{"id":38516,"href":"https:\/\/elmercuriomanta.ec\/index.php\/wp-json\/wp\/v2\/posts\/38509\/revisions\/38516"}],"wp:featuredmedia":[{"embeddable":true,"href":"https:\/\/elmercuriomanta.ec\/index.php\/wp-json\/wp\/v2\/media\/38511"}],"wp:attachment":[{"href":"https:\/\/elmercuriomanta.ec\/index.php\/wp-json\/wp\/v2\/media?parent=38509"}],"wp:term":[{"taxonomy":"category","embeddable":true,"href":"https:\/\/elmercuriomanta.ec\/index.php\/wp-json\/wp\/v2\/categories?post=38509"},{"taxonomy":"post_tag","embeddable":true,"href":"https:\/\/elmercuriomanta.ec\/index.php\/wp-json\/wp\/v2\/tags?post=38509"}],"curies":[{"name":"wp","href":"https:\/\/api.w.org\/{rel}","templated":true}]}}