{"id":38500,"date":"2025-03-14T14:05:15","date_gmt":"2025-03-14T19:05:15","guid":{"rendered":"https:\/\/elmercuriomanta.ec\/?p=38500"},"modified":"2025-03-14T14:08:15","modified_gmt":"2025-03-14T19:08:15","slug":"pelea-entre-diputados-tras-el-levantamiento-de-la-sesion","status":"publish","type":"post","link":"https:\/\/elmercuriomanta.ec\/index.php\/2025\/03\/14\/pelea-entre-diputados-tras-el-levantamiento-de-la-sesion\/","title":{"rendered":"Pelea entre diputados tras el levantamiento de la sesi\u00f3n\u00a0"},"content":{"rendered":"\n<figure class=\"wp-block-image aligncenter size-large\"><img fetchpriority=\"high\" decoding=\"async\" width=\"1024\" height=\"512\" src=\"https:\/\/elmercuriomanta.ec\/wp-content\/uploads\/2025\/03\/argentina-congreso-pelea_2072503_20250313202839-1024x512.jpg\" alt=\"\" class=\"wp-image-38501\" srcset=\"https:\/\/elmercuriomanta.ec\/wp-content\/uploads\/2025\/03\/argentina-congreso-pelea_2072503_20250313202839-1024x512.jpg 1024w, https:\/\/elmercuriomanta.ec\/wp-content\/uploads\/2025\/03\/argentina-congreso-pelea_2072503_20250313202839-300x150.jpg 300w, https:\/\/elmercuriomanta.ec\/wp-content\/uploads\/2025\/03\/argentina-congreso-pelea_2072503_20250313202839-768x384.jpg 768w, https:\/\/elmercuriomanta.ec\/wp-content\/uploads\/2025\/03\/argentina-congreso-pelea_2072503_20250313202839.jpg 1200w\" sizes=\"(max-width: 1024px) 100vw, 1024px\" \/><\/figure>\n\n\n\n<p>La sesi\u00f3n en la C\u00e1mara de Diputados de Argentina para tratar la emergencia en Bah\u00eda Blanca y la investigaci\u00f3n del caso $LIBRA termin\u00f3 en un esc\u00e1ndalo legislativo, con cruces verbales, insultos y hasta empujones entre diputados de La Libertad Avanza, el PRO y el peronismo.<\/p>\n\n\n\n<p>EL DETONANTE DEL CONFLICTO El enfrentamiento se origin\u00f3 cuando el presidente de la C\u00e1mara de Diputados, Mart\u00edn Menem, levant\u00f3 abruptamente la sesi\u00f3n por falta de qu\u00f3rum, en un momento clave en el que el peronismo intentaba aprobar un emplazamiento a la&nbsp; Comisi\u00f3n de Asuntos Constitucionales para derogar las facultades delegadas del Ejecutivo y ratificar a las autoridades de la Comisi\u00f3n de Juicio Pol\u00edtico.<\/p>\n\n\n\n<p>El peronismo aprovech\u00f3 que la mayor\u00eda de los diputados de La Libertad Avanza y del PRO se hab\u00edan retirado del recinto, quedando solo algunos legisladores como Marcela Pagano, Roc\u00edo Bonacci y Oscar Zago, quienes esperaban la votaci\u00f3n para ratificar la presidencia de la Comisi\u00f3n de Juicio Pol\u00edtico.&nbsp;<\/p>\n\n\n\n<p>En este contexto, la diputada Victoria Tolosa Paz (UxP) propuso la votaci\u00f3n de un nuevo emplazamiento para quitarle facultades al presidente Javier Milei, lo que desat\u00f3 el enojo del oficialismo.<\/p>\n","protected":false},"excerpt":{"rendered":"<p>La sesi\u00f3n en la C\u00e1mara de Diputados de Argentina para tratar la emergencia en Bah\u00eda Blanca y la investigaci\u00f3n del caso $LIBRA termin\u00f3 en un esc\u00e1ndalo legislativo, con cruces verbales, insultos y hasta empujones entre diputados de La Libertad Avanza, el PRO y el peronismo. EL DETONANTE DEL CONFLICTO El enfrentamiento se origin\u00f3 cuando el [&hellip;]<\/p>\n","protected":false},"author":14,"featured_media":38501,"comment_status":"open","ping_status":"open","sticky":false,"template":"","format":"standard","meta":{"footnotes":""},"categories":[21,83,1],"tags":[88,22],"class_list":["post-38500","post","type-post","status-publish","format-standard","has-post-thumbnail","hentry","category-noticia-del-dia","category-sucesos","category-uncategorized","tag-actualidad","tag-politica"],"_links":{"self":[{"href":"https:\/\/elmercuriomanta.ec\/index.php\/wp-json\/wp\/v2\/posts\/38500","targetHints":{"allow":["GET"]}}],"collection":[{"href":"https:\/\/elmercuriomanta.ec\/index.php\/wp-json\/wp\/v2\/posts"}],"about":[{"href":"https:\/\/elmercuriomanta.ec\/index.php\/wp-json\/wp\/v2\/types\/post"}],"author":[{"embeddable":true,"href":"https:\/\/elmercuriomanta.ec\/index.php\/wp-json\/wp\/v2\/users\/14"}],"replies":[{"embeddable":true,"href":"https:\/\/elmercuriomanta.ec\/index.php\/wp-json\/wp\/v2\/comments?post=38500"}],"version-history":[{"count":2,"href":"https:\/\/elmercuriomanta.ec\/index.php\/wp-json\/wp\/v2\/posts\/38500\/revisions"}],"predecessor-version":[{"id":38505,"href":"https:\/\/elmercuriomanta.ec\/index.php\/wp-json\/wp\/v2\/posts\/38500\/revisions\/38505"}],"wp:featuredmedia":[{"embeddable":true,"href":"https:\/\/elmercuriomanta.ec\/index.php\/wp-json\/wp\/v2\/media\/38501"}],"wp:attachment":[{"href":"https:\/\/elmercuriomanta.ec\/index.php\/wp-json\/wp\/v2\/media?parent=38500"}],"wp:term":[{"taxonomy":"category","embeddable":true,"href":"https:\/\/elmercuriomanta.ec\/index.php\/wp-json\/wp\/v2\/categories?post=38500"},{"taxonomy":"post_tag","embeddable":true,"href":"https:\/\/elmercuriomanta.ec\/index.php\/wp-json\/wp\/v2\/tags?post=38500"}],"curies":[{"name":"wp","href":"https:\/\/api.w.org\/{rel}","templated":true}]}}