{"id":38339,"date":"2025-03-12T16:40:24","date_gmt":"2025-03-12T21:40:24","guid":{"rendered":"https:\/\/elmercuriomanta.ec\/?p=38339"},"modified":"2025-03-12T16:40:24","modified_gmt":"2025-03-12T21:40:24","slug":"noboa-prioriza-a-los-mas-afectados-compensacion-en-planillas-de-luz-para-provincias-en-emergencia","status":"publish","type":"post","link":"https:\/\/elmercuriomanta.ec\/index.php\/2025\/03\/12\/noboa-prioriza-a-los-mas-afectados-compensacion-en-planillas-de-luz-para-provincias-en-emergencia\/","title":{"rendered":"Noboa Prioriza a los M\u00e1s Afectados: Compensaci\u00f3n en Planillas de Luz para Provincias en Emergencia"},"content":{"rendered":"\n<figure class=\"wp-block-image aligncenter size-large is-resized\"><img fetchpriority=\"high\" decoding=\"async\" width=\"769\" height=\"1024\" src=\"https:\/\/elmercuriomanta.ec\/wp-content\/uploads\/2025\/03\/image-126-769x1024.png\" alt=\"\" class=\"wp-image-38340\" style=\"width:215px;height:auto\" srcset=\"https:\/\/elmercuriomanta.ec\/wp-content\/uploads\/2025\/03\/image-126-769x1024.png 769w, https:\/\/elmercuriomanta.ec\/wp-content\/uploads\/2025\/03\/image-126-225x300.png 225w, https:\/\/elmercuriomanta.ec\/wp-content\/uploads\/2025\/03\/image-126-768x1023.png 768w, https:\/\/elmercuriomanta.ec\/wp-content\/uploads\/2025\/03\/image-126.png 868w\" sizes=\"(max-width: 769px) 100vw, 769px\" \/><\/figure>\n\n\n\n<p><\/p>\n\n\n\n<p>A trav\u00e9s del <strong>Decreto Ejecutivo N.\u00b0 561<\/strong>, el presidente <strong>Daniel Noboa Azin<\/strong> orden\u00f3 una compensaci\u00f3n equivalente a <strong>180 kW\/h<\/strong> en la planilla de energ\u00eda el\u00e9ctrica correspondiente a <strong>marzo de 2025<\/strong>. Esta medida beneficiar\u00e1 a los usuarios residenciales en las provincias de <strong>Guayas, Los R\u00edos, Manab\u00ed, El Oro, Esmeraldas, Santa Elena, Loja y Azuay<\/strong>, declaradas en emergencia por la <strong>Secretar\u00eda Nacional de Gesti\u00f3n de Riesgos<\/strong>.<\/p>\n\n\n\n<p>El <strong>Ministerio de Energ\u00eda y Minas<\/strong>, la <strong>Agencia de Regulaci\u00f3n y Control de Electricidad (ARCONEL)<\/strong> y las empresas distribuidoras trabajar\u00e1n en conjunto para implementar esta disposici\u00f3n.<\/p>\n\n\n\n<figure class=\"wp-block-embed is-type-rich is-provider-twitter wp-block-embed-twitter\"><div class=\"wp-block-embed__wrapper\">\n<blockquote class=\"twitter-tweet\" data-width=\"550\" data-dnt=\"true\"><p lang=\"es\" dir=\"ltr\">A la ciudadan\u00eda: <a href=\"https:\/\/t.co\/N8lf0PLNXh\">pic.twitter.com\/N8lf0PLNXh<\/a><\/p>&mdash; Presidencia Ecuador \ud83c\uddea\ud83c\udde8 (@Presidencia_Ec) <a href=\"https:\/\/twitter.com\/Presidencia_Ec\/status\/1899603149746327605?ref_src=twsrc%5Etfw\">March 11, 2025<\/a><\/blockquote><script async src=\"https:\/\/platform.twitter.com\/widgets.js\" charset=\"utf-8\"><\/script>\n<\/div><\/figure>\n\n\n\n<p>Esta compensaci\u00f3n forma parte de un conjunto de medidas adoptadas por el Gobierno de <strong>Daniel Noboa<\/strong> para proteger a las familias afectadas por la temporada invernal en las zonas en emergencia.<\/p>\n","protected":false},"excerpt":{"rendered":"<p>A trav\u00e9s del Decreto Ejecutivo N.\u00b0 561, el presidente Daniel Noboa Azin orden\u00f3 una compensaci\u00f3n equivalente a 180 kW\/h en la planilla de energ\u00eda el\u00e9ctrica correspondiente a marzo de 2025. Esta medida beneficiar\u00e1 a los usuarios residenciales en las provincias de Guayas, Los R\u00edos, Manab\u00ed, El Oro, Esmeraldas, Santa Elena, Loja y Azuay, declaradas en emergencia por la Secretar\u00eda Nacional de Gesti\u00f3n de Riesgos.<\/p>\n","protected":false},"author":14,"featured_media":38340,"comment_status":"open","ping_status":"open","sticky":false,"template":"","format":"standard","meta":{"footnotes":""},"categories":[20,83],"tags":[23],"class_list":["post-38339","post","type-post","status-publish","format-standard","has-post-thumbnail","hentry","category-portada-2","category-sucesos","tag-ecuador"],"_links":{"self":[{"href":"https:\/\/elmercuriomanta.ec\/index.php\/wp-json\/wp\/v2\/posts\/38339","targetHints":{"allow":["GET"]}}],"collection":[{"href":"https:\/\/elmercuriomanta.ec\/index.php\/wp-json\/wp\/v2\/posts"}],"about":[{"href":"https:\/\/elmercuriomanta.ec\/index.php\/wp-json\/wp\/v2\/types\/post"}],"author":[{"embeddable":true,"href":"https:\/\/elmercuriomanta.ec\/index.php\/wp-json\/wp\/v2\/users\/14"}],"replies":[{"embeddable":true,"href":"https:\/\/elmercuriomanta.ec\/index.php\/wp-json\/wp\/v2\/comments?post=38339"}],"version-history":[{"count":1,"href":"https:\/\/elmercuriomanta.ec\/index.php\/wp-json\/wp\/v2\/posts\/38339\/revisions"}],"predecessor-version":[{"id":38341,"href":"https:\/\/elmercuriomanta.ec\/index.php\/wp-json\/wp\/v2\/posts\/38339\/revisions\/38341"}],"wp:featuredmedia":[{"embeddable":true,"href":"https:\/\/elmercuriomanta.ec\/index.php\/wp-json\/wp\/v2\/media\/38340"}],"wp:attachment":[{"href":"https:\/\/elmercuriomanta.ec\/index.php\/wp-json\/wp\/v2\/media?parent=38339"}],"wp:term":[{"taxonomy":"category","embeddable":true,"href":"https:\/\/elmercuriomanta.ec\/index.php\/wp-json\/wp\/v2\/categories?post=38339"},{"taxonomy":"post_tag","embeddable":true,"href":"https:\/\/elmercuriomanta.ec\/index.php\/wp-json\/wp\/v2\/tags?post=38339"}],"curies":[{"name":"wp","href":"https:\/\/api.w.org\/{rel}","templated":true}]}}