{"id":3833,"date":"2023-08-08T16:03:44","date_gmt":"2023-08-08T21:03:44","guid":{"rendered":"https:\/\/elmercuriomanta.ec\/?p=3833"},"modified":"2023-08-08T16:03:44","modified_gmt":"2023-08-08T21:03:44","slug":"partido-delfin-barcelona-se-lo-jugara-en-portoviejo","status":"publish","type":"post","link":"https:\/\/elmercuriomanta.ec\/index.php\/2023\/08\/08\/partido-delfin-barcelona-se-lo-jugara-en-portoviejo\/","title":{"rendered":"Partido Delf\u00edn-Barcelona se lo jugar\u00e1 en Portoviejo"},"content":{"rendered":"\n<figure class=\"wp-block-image aligncenter size-full is-resized\"><img fetchpriority=\"high\" decoding=\"async\" src=\"https:\/\/elmercuriomanta.ec\/wp-content\/uploads\/2023\/08\/image-44.png\" alt=\"\" class=\"wp-image-3834\" width=\"282\" height=\"216\" srcset=\"https:\/\/elmercuriomanta.ec\/wp-content\/uploads\/2023\/08\/image-44.png 439w, https:\/\/elmercuriomanta.ec\/wp-content\/uploads\/2023\/08\/image-44-300x230.png 300w\" sizes=\"(max-width: 282px) 100vw, 282px\" \/><\/figure>\n\n\n\n<p>El partido entre Delf\u00edn SC y Barcelona se lo jugar\u00e1 este s\u00e1bado 12 de agosto a las 18h00 en el estadio Reales Tamarindos de la ciudad de Portoviejo y no en el Jocay de Manta.<\/p>\n\n\n\n<p>La dirigencia del Delf\u00edn brind\u00f3 una rueda de prensa en Portoviejo en el local de Asadero de Pollos La Esquina de Ales en la Pedro Gual, conocer por qu\u00e9 este encuentro se lo jugar\u00e1 en la capital manabita. Seg\u00fan una publicaci\u00f3n en las redes sociales del equipo manabita Liga Pro realiz\u00f3 la inspecci\u00f3n en el Estadio Reales Tamarindos de Portoviejo y otorg\u00f3 el permiso para llevar a cabo la segunda fecha del Camponato Nacional y recibir al \u00eddolo del Ecuador Barcelona Sporting Club.<\/p>\n\n\n\n<p>En una anterior fecha el Delf\u00edn enfrent\u00f3 a Emelec en el estadio Reales Tamarindos de Portoviejo, no se jug\u00f3 este encuentro en el estadio Jocay de Manta, con lo que este a\u00f1o los mantenses se privaron de ver jugar en el escenario mantense a los equipos del Astillero.<\/p>\n\n\n\n<figure class=\"wp-block-embed is-type-rich is-provider-twitter wp-block-embed-twitter\"><div class=\"wp-block-embed__wrapper\">\n<blockquote class=\"twitter-tweet\" data-width=\"550\" data-dnt=\"true\"><p lang=\"es\" dir=\"ltr\">\u2694\ufe0f| \ud835\udd3b\ud835\udd3c\ud835\udd43\ud835\udd3d\ud835\udd40\u0301\u2115 \ud835\udd4d\ud835\udd4a \ud835\udd39\ud835\udd38\u211d\u2102\ud835\udd3c\ud835\udd43\ud835\udd46\u2115\ud835\udd38 .\ud83d\udc2c<br>Precios de entradas frente a <a href=\"https:\/\/twitter.com\/BarcelonaSC?ref_src=twsrc%5Etfw\">@barcelonasc<\/a> \ud83d\udd25\ud83c\udfab\ud83d\ude0e<br><br>Puntos De Ventas <br>Asadero La Esquina de Ales<br>Manta: Ursa \/\/ Calle 13 \/\/ <br>Porotviejo: Av. Manab\u00ed \/\/ Pedrogual<br>Jaramijo, Jipijapa, Chone, Sta Ana<a href=\"https:\/\/twitter.com\/hashtag\/DelfinSC?src=hash&amp;ref_src=twsrc%5Etfw\">#DelfinSC<\/a> <a href=\"https:\/\/twitter.com\/hashtag\/ElOrgulloDeManab%C3%AD?src=hash&amp;ref_src=twsrc%5Etfw\">#ElOrgulloDeManab\u00ed<\/a> <a href=\"https:\/\/t.co\/8CErjwi61y\">pic.twitter.com\/8CErjwi61y<\/a><\/p>&mdash; Delf\u00edn Sporting Club (@DelfinSC) <a href=\"https:\/\/twitter.com\/DelfinSC\/status\/1688962570382675973?ref_src=twsrc%5Etfw\">August 8, 2023<\/a><\/blockquote><script async src=\"https:\/\/platform.twitter.com\/widgets.js\" charset=\"utf-8\"><\/script>\n<\/div><\/figure>\n\n\n\n<div class=\"wp-block-essential-blocks-social\"><div class=\"eb-parent-wrapper eb-parent-eb-social-links-rkkhnfk \"><div class=\"eb-social-links-rkkhnfk eb-social-links-wrapper\"><ul class=\"eb-socials\"><li><a class=\"facebook-f-original  \" href=\"\/\/www.facebook.com\/YoSoyElMercurio\/?locale=es_LA\" target=\"_self\" rel=\"noopener\"><i class=\"hvr-icon eb-social-icon fab fa-facebook-f\"><\/i><\/a><\/li><li><a class=\"twitter-original  \" href=\"\/\/twitter.com\/elmercuriomanta\" target=\"_self\" rel=\"noopener\"><i class=\"hvr-icon eb-social-icon fab fa-twitter\"><\/i><\/a><\/li><li><a class=\"instagram-original  \" href=\"\/\/www.instagram.com\/elmercuriomanta\/?hl=es\" target=\"_self\" rel=\"noopener\"><i class=\"hvr-icon eb-social-icon fab fa-instagram\"><\/i><\/a><\/li><\/ul><\/div><\/div><\/div>\n","protected":false},"excerpt":{"rendered":"<p>El partido entre Delf\u00edn SC y Barcelona se lo jugar\u00e1 este s\u00e1bado 12 de agosto a las 18h00 en el estadio Reales Tamarindos de la ciudad de Portoviejo y no en el Jocay de Manta. La dirigencia del Delf\u00edn brind\u00f3 una rueda de prensa en Portoviejo en el local de Asadero de Pollos La Esquina [&hellip;]<\/p>\n","protected":false},"author":12,"featured_media":3834,"comment_status":"open","ping_status":"open","sticky":false,"template":"","format":"standard","meta":{"footnotes":""},"categories":[9],"tags":[],"class_list":["post-3833","post","type-post","status-publish","format-standard","has-post-thumbnail","hentry","category-deportes"],"_links":{"self":[{"href":"https:\/\/elmercuriomanta.ec\/index.php\/wp-json\/wp\/v2\/posts\/3833","targetHints":{"allow":["GET"]}}],"collection":[{"href":"https:\/\/elmercuriomanta.ec\/index.php\/wp-json\/wp\/v2\/posts"}],"about":[{"href":"https:\/\/elmercuriomanta.ec\/index.php\/wp-json\/wp\/v2\/types\/post"}],"author":[{"embeddable":true,"href":"https:\/\/elmercuriomanta.ec\/index.php\/wp-json\/wp\/v2\/users\/12"}],"replies":[{"embeddable":true,"href":"https:\/\/elmercuriomanta.ec\/index.php\/wp-json\/wp\/v2\/comments?post=3833"}],"version-history":[{"count":1,"href":"https:\/\/elmercuriomanta.ec\/index.php\/wp-json\/wp\/v2\/posts\/3833\/revisions"}],"predecessor-version":[{"id":3835,"href":"https:\/\/elmercuriomanta.ec\/index.php\/wp-json\/wp\/v2\/posts\/3833\/revisions\/3835"}],"wp:featuredmedia":[{"embeddable":true,"href":"https:\/\/elmercuriomanta.ec\/index.php\/wp-json\/wp\/v2\/media\/3834"}],"wp:attachment":[{"href":"https:\/\/elmercuriomanta.ec\/index.php\/wp-json\/wp\/v2\/media?parent=3833"}],"wp:term":[{"taxonomy":"category","embeddable":true,"href":"https:\/\/elmercuriomanta.ec\/index.php\/wp-json\/wp\/v2\/categories?post=3833"},{"taxonomy":"post_tag","embeddable":true,"href":"https:\/\/elmercuriomanta.ec\/index.php\/wp-json\/wp\/v2\/tags?post=3833"}],"curies":[{"name":"wp","href":"https:\/\/api.w.org\/{rel}","templated":true}]}}