{"id":38219,"date":"2025-03-11T12:31:51","date_gmt":"2025-03-11T17:31:51","guid":{"rendered":"https:\/\/elmercuriomanta.ec\/?p=38219"},"modified":"2025-03-11T12:40:56","modified_gmt":"2025-03-11T17:40:56","slug":"fuertes-vientos-sorprendieron-a-guayaquil","status":"publish","type":"post","link":"https:\/\/elmercuriomanta.ec\/index.php\/2025\/03\/11\/fuertes-vientos-sorprendieron-a-guayaquil\/","title":{"rendered":"Fuertes vientos sorprendieron a Guayaquil"},"content":{"rendered":"\n<figure class=\"wp-block-image aligncenter size-full\"><img fetchpriority=\"high\" decoding=\"async\" width=\"790\" height=\"444\" src=\"https:\/\/elmercuriomanta.ec\/wp-content\/uploads\/2025\/03\/alerta-lluvia-tormenta-buenos-aires.webp\" alt=\"\" class=\"wp-image-38221\" srcset=\"https:\/\/elmercuriomanta.ec\/wp-content\/uploads\/2025\/03\/alerta-lluvia-tormenta-buenos-aires.webp 790w, https:\/\/elmercuriomanta.ec\/wp-content\/uploads\/2025\/03\/alerta-lluvia-tormenta-buenos-aires-300x169.webp 300w, https:\/\/elmercuriomanta.ec\/wp-content\/uploads\/2025\/03\/alerta-lluvia-tormenta-buenos-aires-768x432.webp 768w\" sizes=\"(max-width: 790px) 100vw, 790px\" \/><\/figure>\n\n\n\n<p>Guayaquil fue sorprendida este lunes 10 de marzo de 2025 por una fuerte tormenta que dej\u00f3 a su paso \u00e1rboles ca\u00eddos, calles anegadas y un caos vehicular. Seg\u00fan Segura EP, a trav\u00e9s de un informe en la red social X, el centro y norte de la ciudad fueron las zonas m\u00e1s afectadas, con al menos cinco \u00e1rboles ca\u00eddos y m\u00e1s de siete sectores inundados.<\/p>\n\n\n\n<p>El torrencial aguacero comenz\u00f3 a afectar r\u00e1pidamente diversas \u00e1reas. Las calles Ball\u00e9n, Ayacucho y Jos\u00e9 Mascote fueron algunas de las m\u00e1s perjudicadas, donde la lluvia provoc\u00f3 inundaciones inmediatas. En el centro de la ciudad, la fuerza del viento fue a\u00fan m\u00e1s notoria. Videos circulando en redes sociales mostraron c\u00f3mo los vientos derribaron ramas y provocaron otros da\u00f1os en la zona. A esto se sum\u00f3 el colapso en el tr\u00e1fico vehicular, ya que la tormenta coincidi\u00f3 con la hora pico, cuando las personas se dirig\u00edan a sus hogares.<\/p>\n\n\n\n<p>Los puntos cr\u00edticos donde los \u00e1rboles cayeron fueron: Carlos Julio Arosemena, a la altura de la Ferroviaria; Pedro Carbo y Clemente Ball\u00e9n; la v\u00eda a la costa, cerca del primer retorno en direcci\u00f3n a Chong\u00f3n; Plaza Da\u00f1\u00edn y Cosme Renella; y en las intersecciones de Juli\u00e1n Coronel y Rocafuerte.<\/p>\n\n\n\n<p><\/p>\n","protected":false},"excerpt":{"rendered":"<p>Guayaquil fue sorprendida este lunes 10 de marzo de 2025 por una fuerte tormenta que dej\u00f3 a su paso \u00e1rboles ca\u00eddos, calles anegadas y un caos vehicular. Seg\u00fan Segura EP, a trav\u00e9s de un informe en la red social X, el centro y norte de la ciudad fueron las zonas m\u00e1s afectadas, con al menos [&hellip;]<\/p>\n","protected":false},"author":14,"featured_media":38221,"comment_status":"open","ping_status":"open","sticky":false,"template":"","format":"standard","meta":{"footnotes":""},"categories":[1],"tags":[88,23],"class_list":["post-38219","post","type-post","status-publish","format-standard","has-post-thumbnail","hentry","category-uncategorized","tag-actualidad","tag-ecuador"],"_links":{"self":[{"href":"https:\/\/elmercuriomanta.ec\/index.php\/wp-json\/wp\/v2\/posts\/38219","targetHints":{"allow":["GET"]}}],"collection":[{"href":"https:\/\/elmercuriomanta.ec\/index.php\/wp-json\/wp\/v2\/posts"}],"about":[{"href":"https:\/\/elmercuriomanta.ec\/index.php\/wp-json\/wp\/v2\/types\/post"}],"author":[{"embeddable":true,"href":"https:\/\/elmercuriomanta.ec\/index.php\/wp-json\/wp\/v2\/users\/14"}],"replies":[{"embeddable":true,"href":"https:\/\/elmercuriomanta.ec\/index.php\/wp-json\/wp\/v2\/comments?post=38219"}],"version-history":[{"count":2,"href":"https:\/\/elmercuriomanta.ec\/index.php\/wp-json\/wp\/v2\/posts\/38219\/revisions"}],"predecessor-version":[{"id":38224,"href":"https:\/\/elmercuriomanta.ec\/index.php\/wp-json\/wp\/v2\/posts\/38219\/revisions\/38224"}],"wp:featuredmedia":[{"embeddable":true,"href":"https:\/\/elmercuriomanta.ec\/index.php\/wp-json\/wp\/v2\/media\/38221"}],"wp:attachment":[{"href":"https:\/\/elmercuriomanta.ec\/index.php\/wp-json\/wp\/v2\/media?parent=38219"}],"wp:term":[{"taxonomy":"category","embeddable":true,"href":"https:\/\/elmercuriomanta.ec\/index.php\/wp-json\/wp\/v2\/categories?post=38219"},{"taxonomy":"post_tag","embeddable":true,"href":"https:\/\/elmercuriomanta.ec\/index.php\/wp-json\/wp\/v2\/tags?post=38219"}],"curies":[{"name":"wp","href":"https:\/\/api.w.org\/{rel}","templated":true}]}}