{"id":38018,"date":"2025-03-09T12:10:58","date_gmt":"2025-03-09T17:10:58","guid":{"rendered":"https:\/\/elmercuriomanta.ec\/?p=38018"},"modified":"2025-03-09T12:10:58","modified_gmt":"2025-03-09T17:10:58","slug":"8m-miles-de-mujeres-marcharon-en-ecuador-contra-la-violencia-de-genero","status":"publish","type":"post","link":"https:\/\/elmercuriomanta.ec\/index.php\/2025\/03\/09\/8m-miles-de-mujeres-marcharon-en-ecuador-contra-la-violencia-de-genero\/","title":{"rendered":"8M:\u00a0 Miles de Mujeres Marcharon en Ecuador contra la Violencia de G\u00e9nero"},"content":{"rendered":"\n<figure class=\"wp-block-image aligncenter size-full is-resized\"><img fetchpriority=\"high\" decoding=\"async\" width=\"1024\" height=\"683\" src=\"https:\/\/elmercuriomanta.ec\/wp-content\/uploads\/2025\/03\/image-97.png\" alt=\"\" class=\"wp-image-38019\" style=\"width:505px;height:auto\" srcset=\"https:\/\/elmercuriomanta.ec\/wp-content\/uploads\/2025\/03\/image-97.png 1024w, https:\/\/elmercuriomanta.ec\/wp-content\/uploads\/2025\/03\/image-97-300x200.png 300w, https:\/\/elmercuriomanta.ec\/wp-content\/uploads\/2025\/03\/image-97-768x512.png 768w\" sizes=\"(max-width: 1024px) 100vw, 1024px\" \/><\/figure>\n\n\n\n<p>Miles de personas, en su mayor\u00eda mujeres, salieron este s\u00e1bado, 8 de marzo del 2025, a las calles de diferentes ciudades de Ecuador para conmemorar el D\u00eda Internacional de la Mujer y manifestarse en contra la violencia de g\u00e9nero. La marcha m\u00e1s multitudinaria se realiz\u00f3 en Quito, donde mujeres, lideresas ind\u00edgenas y afro descendientes, personas LGBTI y familiares de v\u00edctimas de feminicidio recorrieron el centro de la capital hasta llegar a la plaza Santo Domingo. \u2018Mujeres y disidencias por trabajo y vidas dignas contra la guerra\u2019, era el lema del cartel que encabez\u00f3 la manifestaci\u00f3n, en la que por aproximadamente tres horas se corearon consignas en contra de los feminicidios, la violencia sexual y a favor del aborto.\u201dLas ni\u00f1as no son madres\u201d, \u2018Hay que abortar este sistema patriarcal\u2019, \u201cNi una menos\u201d, \u201cVivas nos queremos\u201d.<\/p>\n\n\n\n<p>\u201cPor las asesinadas nadie se cans\u201d\u2019, fueron algunas de las consignas que m\u00e1s se repitieron durante la marcha, en la que tambi\u00e9n hubo danzas y coreograf\u00edas. \u201cHoy es un d\u00eda de lucha, no es un d\u00eda de festejo. Venimos a conmemorar a todas las que vinieron antes que nosotras y para que ninguna mujer tenga que salir a marchar nunca m\u00e1s\u201d, dijo a EFE Paz Aguas, una de las manifestantes. \u201cNo puede ser que en pleno siglo XXI haya mujeres que se sigan muriendo por el simple hecho de ser mujeres\u201d, a\u00f1adi\u00f3 Aguas. Seg\u00fan la Asociaci\u00f3n Latinoamericana para el Desarrollo Alternativo (Aldea), en 2024 se registraron 274 femicidios en Ecuador, la mayor\u00eda perpetrados por personas cercanas a las v\u00edctimas como parejas y exparejas o en contextos criminales.<\/p>\n","protected":false},"excerpt":{"rendered":"<p>Miles de personas, en su mayor\u00eda mujeres, salieron este s\u00e1bado, 8 de marzo del 2025, a las calles de diferentes ciudades de Ecuador para conmemorar el D\u00eda Internacional de la Mujer y manifestarse en contra la violencia de g\u00e9nero. La marcha m\u00e1s multitudinaria se realiz\u00f3 en Quito, donde mujeres, lideresas ind\u00edgenas y afro descendientes, personas LGBTI y familiares de v\u00edctimas de feminicidio recorrieron el centro de la capital hasta llegar a la plaza Santo Domingo. \u2018Mujeres y disidencias por trabajo y vidas dignas contra la guerra\u2019, era el lema del cartel que encabez\u00f3 la manifestaci\u00f3n, en la que por aproximadamente tres horas se corearon consignas en contra de los feminicidios, la violencia sexual y a favor del aborto.\u201dLas ni\u00f1as no son madres\u201d, \u2018Hay que abortar este sistema patriarcal\u2019, \u201cNi una menos\u201d, \u201cVivas nos queremos\u201d.<\/p>\n<p>\u201cPor las asesinadas nadie se cans\u201d\u2019, fueron algunas de las consignas que m\u00e1s se repitieron durante la marcha, en la que tambi\u00e9n hubo danzas y coreograf\u00edas. \u201cHoy es un d\u00eda de lucha, no es un d\u00eda de festejo. Venimos a conmemorar a todas las que vinieron antes que nosotras y para que ninguna mujer tenga que salir a marchar nunca m\u00e1s\u201d, dijo a EFE Paz Aguas, una de las manifestantes. \u201cNo puede ser que en pleno siglo XXI haya mujeres que se sigan muriendo por el simple hecho de ser mujeres\u201d, a\u00f1adi\u00f3 Aguas. Seg\u00fan la Asociaci\u00f3n Latinoamericana para el Desarrollo Alternativo (Aldea), en 2024 se registraron 274 femicidios en Ecuador, la mayor\u00eda perpetrados por personas cercanas a las v\u00edctimas como parejas y exparejas o en contextos criminales.<\/p>\n","protected":false},"author":12,"featured_media":38019,"comment_status":"open","ping_status":"open","sticky":false,"template":"","format":"standard","meta":{"footnotes":""},"categories":[1],"tags":[23],"class_list":["post-38018","post","type-post","status-publish","format-standard","has-post-thumbnail","hentry","category-uncategorized","tag-ecuador"],"_links":{"self":[{"href":"https:\/\/elmercuriomanta.ec\/index.php\/wp-json\/wp\/v2\/posts\/38018","targetHints":{"allow":["GET"]}}],"collection":[{"href":"https:\/\/elmercuriomanta.ec\/index.php\/wp-json\/wp\/v2\/posts"}],"about":[{"href":"https:\/\/elmercuriomanta.ec\/index.php\/wp-json\/wp\/v2\/types\/post"}],"author":[{"embeddable":true,"href":"https:\/\/elmercuriomanta.ec\/index.php\/wp-json\/wp\/v2\/users\/12"}],"replies":[{"embeddable":true,"href":"https:\/\/elmercuriomanta.ec\/index.php\/wp-json\/wp\/v2\/comments?post=38018"}],"version-history":[{"count":1,"href":"https:\/\/elmercuriomanta.ec\/index.php\/wp-json\/wp\/v2\/posts\/38018\/revisions"}],"predecessor-version":[{"id":38020,"href":"https:\/\/elmercuriomanta.ec\/index.php\/wp-json\/wp\/v2\/posts\/38018\/revisions\/38020"}],"wp:featuredmedia":[{"embeddable":true,"href":"https:\/\/elmercuriomanta.ec\/index.php\/wp-json\/wp\/v2\/media\/38019"}],"wp:attachment":[{"href":"https:\/\/elmercuriomanta.ec\/index.php\/wp-json\/wp\/v2\/media?parent=38018"}],"wp:term":[{"taxonomy":"category","embeddable":true,"href":"https:\/\/elmercuriomanta.ec\/index.php\/wp-json\/wp\/v2\/categories?post=38018"},{"taxonomy":"post_tag","embeddable":true,"href":"https:\/\/elmercuriomanta.ec\/index.php\/wp-json\/wp\/v2\/tags?post=38018"}],"curies":[{"name":"wp","href":"https:\/\/api.w.org\/{rel}","templated":true}]}}