{"id":37605,"date":"2025-03-02T11:34:03","date_gmt":"2025-03-02T16:34:03","guid":{"rendered":"https:\/\/elmercuriomanta.ec\/?p=37605"},"modified":"2025-03-02T11:34:03","modified_gmt":"2025-03-02T16:34:03","slug":"vista-aerea-revela-la-magnitud-de-los-danos-tras-el-deslave","status":"publish","type":"post","link":"https:\/\/elmercuriomanta.ec\/index.php\/2025\/03\/02\/vista-aerea-revela-la-magnitud-de-los-danos-tras-el-deslave\/","title":{"rendered":"Vista A\u00e9rea Revela la Magnitud de los Da\u00f1os Tras el Deslave"},"content":{"rendered":"\n<figure class=\"wp-block-image aligncenter size-large is-resized\"><img fetchpriority=\"high\" decoding=\"async\" width=\"1024\" height=\"576\" src=\"https:\/\/elmercuriomanta.ec\/wp-content\/uploads\/2025\/03\/image-12-1024x576.png\" alt=\"\" class=\"wp-image-37606\" style=\"width:510px;height:auto\" srcset=\"https:\/\/elmercuriomanta.ec\/wp-content\/uploads\/2025\/03\/image-12-1024x576.png 1024w, https:\/\/elmercuriomanta.ec\/wp-content\/uploads\/2025\/03\/image-12-300x169.png 300w, https:\/\/elmercuriomanta.ec\/wp-content\/uploads\/2025\/03\/image-12-768x432.png 768w, https:\/\/elmercuriomanta.ec\/wp-content\/uploads\/2025\/03\/image-12.png 1191w\" sizes=\"(max-width: 1024px) 100vw, 1024px\" \/><\/figure>\n\n\n\n<p>Con las primeras horas del amanecer de este s\u00e1bado, 1 de marzo, se ha comenzado a visualizar la magnitud de la tragedia que azot\u00f3 a Pi\u00f1as. Las fuertes lluvias causaron el desbordamiento de un r\u00edo y un deslave que afect\u00f3 a decenas de personas. La alcaldesa Teresa Feijoo asegur\u00f3 que hay afectaci\u00f3n a nivel general en algunas zonas del cant\u00f3n, ubicado en la parte alta de El Oro. Debido a la fuerte lluvia y deslaves, el agua y palizada entr\u00f3 a viviendas y caus\u00f3 da\u00f1os. \u201cTodas las ciudadelas tienen afectaciones\u201d, indic\u00f3. La ma\u00f1ana de este s\u00e1bado, la Secretar\u00eda de Gesti\u00f3n de Riesgos indic\u00f3 que hay una persona fallecida y 3 personas heridas debido al aluvi\u00f3n en varios sectores de Pi\u00f1as.<\/p>\n\n\n\n<p>Dentro del sector La Rold\u00f3s y av. 8 de Noviembre falleci\u00f3 un menor por el colapso de una vivienda. Otra zona afectada es el sector La Merced, que es considerada de alto riesgo desde hace a\u00f1os. Al momento hay 400 personas afectadas, parte de ellas fueron evacuadas hacia el coliseo Jos\u00e9 Gallardo Moscoso, sitio habilitado como albergue. El concejal Jinson Ord\u00f3\u00f1ez comparti\u00f3 esta ma\u00f1ana una serie de fotos que muestran los da\u00f1os que dej\u00f3 el deslave en unas zonas de Pi\u00f1as. En varias de ellas se ve c\u00f3mo se desprendi\u00f3 tierra y lodo de una elevaci\u00f3n y destruy\u00f3 una vivienda y c\u00f3mo otras se encuentran en situaci\u00f3n de riesgo. Las calles de algunos barrios estaban llenas de lodo por el material que se desprendi\u00f3 y baj\u00f3 de las laderas. Tambi\u00e9n el desbordamiento de un r\u00edo caus\u00f3 estragos. Militares, polic\u00edas y bomberos estaban en tareas de evacuaci\u00f3n en las zonas consideradas de riesgo.<\/p>\n","protected":false},"excerpt":{"rendered":"<p>Con las primeras horas del amanecer de este s\u00e1bado, 1 de marzo, se ha comenzado a visualizar la magnitud de la tragedia que azot\u00f3 a Pi\u00f1as. Las fuertes lluvias causaron el desbordamiento de un r\u00edo y un deslave que afect\u00f3 a decenas de personas. La alcaldesa Teresa Feijoo asegur\u00f3 que hay afectaci\u00f3n a nivel general en algunas zonas del cant\u00f3n, ubicado en la parte alta de El Oro. Debido a la fuerte lluvia y deslaves, el agua y palizada entr\u00f3 a viviendas y caus\u00f3 da\u00f1os. \u201cTodas las ciudadelas tienen afectaciones\u201d, indic\u00f3. La ma\u00f1ana de este s\u00e1bado, la Secretar\u00eda de Gesti\u00f3n de Riesgos indic\u00f3 que hay una persona fallecida y 3 personas heridas debido al aluvi\u00f3n en varios sectores de Pi\u00f1as.<\/p>\n<p>Dentro del sector La Rold\u00f3s y av. 8 de Noviembre falleci\u00f3 un menor por el colapso de una vivienda. Otra zona afectada es el sector La Merced, que es considerada de alto riesgo desde hace a\u00f1os. Al momento hay 400 personas afectadas, parte de ellas fueron evacuadas hacia el coliseo Jos\u00e9 Gallardo Moscoso, sitio habilitado como albergue. El concejal Jinson Ord\u00f3\u00f1ez comparti\u00f3 esta ma\u00f1ana una serie de fotos que muestran los da\u00f1os que dej\u00f3 el deslave en unas zonas de Pi\u00f1as. En varias de ellas se ve c\u00f3mo se desprendi\u00f3 tierra y lodo de una elevaci\u00f3n y destruy\u00f3 una vivienda y c\u00f3mo otras se encuentran en situaci\u00f3n de riesgo. Las calles de algunos barrios estaban llenas de lodo por el material que se desprendi\u00f3 y baj\u00f3 de las laderas. Tambi\u00e9n el desbordamiento de un r\u00edo caus\u00f3 estragos. Militares, polic\u00edas y bomberos estaban en tareas de evacuaci\u00f3n en las zonas consideradas de riesgo.<\/p>\n","protected":false},"author":12,"featured_media":37606,"comment_status":"open","ping_status":"open","sticky":false,"template":"","format":"standard","meta":{"footnotes":""},"categories":[1],"tags":[29],"class_list":["post-37605","post","type-post","status-publish","format-standard","has-post-thumbnail","hentry","category-uncategorized","tag-manabi"],"_links":{"self":[{"href":"https:\/\/elmercuriomanta.ec\/index.php\/wp-json\/wp\/v2\/posts\/37605","targetHints":{"allow":["GET"]}}],"collection":[{"href":"https:\/\/elmercuriomanta.ec\/index.php\/wp-json\/wp\/v2\/posts"}],"about":[{"href":"https:\/\/elmercuriomanta.ec\/index.php\/wp-json\/wp\/v2\/types\/post"}],"author":[{"embeddable":true,"href":"https:\/\/elmercuriomanta.ec\/index.php\/wp-json\/wp\/v2\/users\/12"}],"replies":[{"embeddable":true,"href":"https:\/\/elmercuriomanta.ec\/index.php\/wp-json\/wp\/v2\/comments?post=37605"}],"version-history":[{"count":1,"href":"https:\/\/elmercuriomanta.ec\/index.php\/wp-json\/wp\/v2\/posts\/37605\/revisions"}],"predecessor-version":[{"id":37607,"href":"https:\/\/elmercuriomanta.ec\/index.php\/wp-json\/wp\/v2\/posts\/37605\/revisions\/37607"}],"wp:featuredmedia":[{"embeddable":true,"href":"https:\/\/elmercuriomanta.ec\/index.php\/wp-json\/wp\/v2\/media\/37606"}],"wp:attachment":[{"href":"https:\/\/elmercuriomanta.ec\/index.php\/wp-json\/wp\/v2\/media?parent=37605"}],"wp:term":[{"taxonomy":"category","embeddable":true,"href":"https:\/\/elmercuriomanta.ec\/index.php\/wp-json\/wp\/v2\/categories?post=37605"},{"taxonomy":"post_tag","embeddable":true,"href":"https:\/\/elmercuriomanta.ec\/index.php\/wp-json\/wp\/v2\/tags?post=37605"}],"curies":[{"name":"wp","href":"https:\/\/api.w.org\/{rel}","templated":true}]}}