{"id":37576,"date":"2025-03-01T15:27:22","date_gmt":"2025-03-01T20:27:22","guid":{"rendered":"https:\/\/elmercuriomanta.ec\/?p=37576"},"modified":"2025-03-01T15:27:22","modified_gmt":"2025-03-01T20:27:22","slug":"terminacion-de-inicial-dos-de-la-uep-teresa-de-calcuta","status":"publish","type":"post","link":"https:\/\/elmercuriomanta.ec\/index.php\/2025\/03\/01\/terminacion-de-inicial-dos-de-la-uep-teresa-de-calcuta\/","title":{"rendered":"Terminaci\u00f3n de Inicial dos de la UEP Teresa de Calcuta"},"content":{"rendered":"\n<figure class=\"wp-block-image aligncenter size-full is-resized\"><img fetchpriority=\"high\" decoding=\"async\" width=\"828\" height=\"491\" src=\"https:\/\/elmercuriomanta.ec\/wp-content\/uploads\/2025\/03\/image-7.png\" alt=\"\" class=\"wp-image-37578\" style=\"width:506px;height:auto\" srcset=\"https:\/\/elmercuriomanta.ec\/wp-content\/uploads\/2025\/03\/image-7.png 828w, https:\/\/elmercuriomanta.ec\/wp-content\/uploads\/2025\/03\/image-7-300x178.png 300w, https:\/\/elmercuriomanta.ec\/wp-content\/uploads\/2025\/03\/image-7-768x455.png 768w\" sizes=\"(max-width: 828px) 100vw, 828px\" \/><\/figure>\n\n\n\n<figure class=\"wp-block-image aligncenter size-full is-resized\"><img decoding=\"async\" width=\"828\" height=\"613\" src=\"https:\/\/elmercuriomanta.ec\/wp-content\/uploads\/2025\/03\/image-6.png\" alt=\"\" class=\"wp-image-37577\" style=\"width:514px;height:auto\" srcset=\"https:\/\/elmercuriomanta.ec\/wp-content\/uploads\/2025\/03\/image-6.png 828w, https:\/\/elmercuriomanta.ec\/wp-content\/uploads\/2025\/03\/image-6-300x222.png 300w, https:\/\/elmercuriomanta.ec\/wp-content\/uploads\/2025\/03\/image-6-768x569.png 768w\" sizes=\"(max-width: 828px) 100vw, 828px\" \/><\/figure>\n\n\n\n<p>La Unidad Educativa particulkar Teresa de Calcuta realiz\u00f3 la ceremonia de graduacion de los alumnos de Iniciasl Dos con los paralelos A, B, C y D, bajo la coordinacion de la Docente, Victoria Cede\u00f1o, el cual cont\u00f3n con el apoyo de la Rectora, Mag. Nelly Holgu\u00edn Briones.<\/p>\n","protected":false},"excerpt":{"rendered":"<p>La Unidad Educativa particulkar Teresa de Calcuta realiz\u00f3 la ceremonia de graduacion de los alumnos de Iniciasl Dos con los paralelos A, B, C y D, bajo la coordinacion de la Docente, Victoria Cede\u00f1o, el cual cont\u00f3n con el apoyo de la Rectora, Mag. Nelly Holgu\u00edn Briones.<\/p>\n","protected":false},"author":12,"featured_media":37578,"comment_status":"open","ping_status":"open","sticky":false,"template":"","format":"standard","meta":{"footnotes":""},"categories":[1],"tags":[38],"class_list":["post-37576","post","type-post","status-publish","format-standard","has-post-thumbnail","hentry","category-uncategorized","tag-manta"],"_links":{"self":[{"href":"https:\/\/elmercuriomanta.ec\/index.php\/wp-json\/wp\/v2\/posts\/37576","targetHints":{"allow":["GET"]}}],"collection":[{"href":"https:\/\/elmercuriomanta.ec\/index.php\/wp-json\/wp\/v2\/posts"}],"about":[{"href":"https:\/\/elmercuriomanta.ec\/index.php\/wp-json\/wp\/v2\/types\/post"}],"author":[{"embeddable":true,"href":"https:\/\/elmercuriomanta.ec\/index.php\/wp-json\/wp\/v2\/users\/12"}],"replies":[{"embeddable":true,"href":"https:\/\/elmercuriomanta.ec\/index.php\/wp-json\/wp\/v2\/comments?post=37576"}],"version-history":[{"count":1,"href":"https:\/\/elmercuriomanta.ec\/index.php\/wp-json\/wp\/v2\/posts\/37576\/revisions"}],"predecessor-version":[{"id":37579,"href":"https:\/\/elmercuriomanta.ec\/index.php\/wp-json\/wp\/v2\/posts\/37576\/revisions\/37579"}],"wp:featuredmedia":[{"embeddable":true,"href":"https:\/\/elmercuriomanta.ec\/index.php\/wp-json\/wp\/v2\/media\/37578"}],"wp:attachment":[{"href":"https:\/\/elmercuriomanta.ec\/index.php\/wp-json\/wp\/v2\/media?parent=37576"}],"wp:term":[{"taxonomy":"category","embeddable":true,"href":"https:\/\/elmercuriomanta.ec\/index.php\/wp-json\/wp\/v2\/categories?post=37576"},{"taxonomy":"post_tag","embeddable":true,"href":"https:\/\/elmercuriomanta.ec\/index.php\/wp-json\/wp\/v2\/tags?post=37576"}],"curies":[{"name":"wp","href":"https:\/\/api.w.org\/{rel}","templated":true}]}}