{"id":3756,"date":"2023-08-07T11:07:14","date_gmt":"2023-08-07T16:07:14","guid":{"rendered":"https:\/\/elmercuriomanta.ec\/?p=3756"},"modified":"2023-08-07T11:25:02","modified_gmt":"2023-08-07T16:25:02","slug":"tce-dispone-al-ministerio-de-trabajo-registrar-la-suspension-de-derechos-politicos-del-alcalde-de-portoviejo","status":"publish","type":"post","link":"https:\/\/elmercuriomanta.ec\/index.php\/2023\/08\/07\/tce-dispone-al-ministerio-de-trabajo-registrar-la-suspension-de-derechos-politicos-del-alcalde-de-portoviejo\/","title":{"rendered":"TCE dispone al Ministerio de Trabajo registrar la suspensi\u00f3n de derechos pol\u00edticos del alcalde de Portoviejo"},"content":{"rendered":"\n<figure class=\"wp-block-image aligncenter size-full is-resized\"><img fetchpriority=\"high\" decoding=\"async\" src=\"https:\/\/elmercuriomanta.ec\/wp-content\/uploads\/2023\/08\/image-27.png\" alt=\"\" class=\"wp-image-3758\" width=\"766\" height=\"536\" srcset=\"https:\/\/elmercuriomanta.ec\/wp-content\/uploads\/2023\/08\/image-27.png 957w, https:\/\/elmercuriomanta.ec\/wp-content\/uploads\/2023\/08\/image-27-300x210.png 300w, https:\/\/elmercuriomanta.ec\/wp-content\/uploads\/2023\/08\/image-27-768x538.png 768w\" sizes=\"(max-width: 766px) 100vw, 766px\" \/><figcaption class=\"wp-element-caption\">Javier Pincay fue elegido alcalde de Portoviejo, para el periodo 2023-2027, en las elecciones<br>seccionales del 5 de febrero de 2023.<\/figcaption><\/figure>\n\n\n\n<p>En el plazo de tres d\u00edas, el Ministerio de Trabajo deber\u00e1 registrar la sanci\u00f3n de suspensi\u00f3n de los derechos de participaci\u00f3n del alcalde de Portoviejo (Manab\u00ed), Javier Pincay, que le fue impuesta por el Tribunal Contencioso Electoral (TCE) por no haber participado en el debate electoral de los comicios seccionales de febrero de 2023. As\u00ed lo dispuso el juez electoral Joaqu\u00edn Viteri, en un auto emitido este viernes 4 de agosto.<\/p>\n\n\n\n<p>Seg\u00fan esto, el ministro de Trabajo, Patricio Donoso debe ordenar que se proceda con el registro de la sanci\u00f3n. El titular de la cartera de Estado deber\u00e1 remitir al juez la documentaci\u00f3n que acredite el cumplimiento de la disposici\u00f3n judicial.<\/p>\n\n\n\n<p>El TCE dict\u00f3 sentencia contra el funcionario manabita el 29 de junio y determin\u00f3 que sus derechos de participaci\u00f3n quedan suspendidos por el lapso de dos a\u00f1os; adem\u00e1s, se fij\u00f3 una multa de $ 9.450, equivalentes a 21 salarios b\u00e1sicos unificados. El alcalde de Portoviejo, cuando era candidato por el partido Avanza, no se present\u00f3 al debate del 15 de enero, porque sufri\u00f3 un atentado contra su vida, al estilo sicariato.<\/p>\n\n\n\n<p>En julio pasado, ante un recurso de aclaraci\u00f3n de la sentencia, el TCE precis\u00f3 que la suspensi\u00f3n de los derechos pol\u00edticos no implica que se haya ordenado la destituci\u00f3n de Pincay de su cargo como alcalde. Aquel momento, Javier Pincay celebr\u00f3 la aclaraci\u00f3n del Tribunal y coment\u00f3 que \u201cla democracia gan\u00f3\u201d. Sin embargo, tras el auto del 4 de agosto, la m\u00e1xima autoridad de Portoviejo a\u00fan no se ha pronunciado p\u00fablicamente.<\/p>\n\n\n\n<div class=\"wp-block-essential-blocks-social\"><div class=\"eb-parent-wrapper eb-parent-eb-social-links-o2830fm \"><div class=\"eb-social-links-o2830fm eb-social-links-wrapper\"><ul class=\"eb-socials\"><li><a class=\"facebook-f-original  \" href=\"\/\/www.facebook.com\/YoSoyElMercurio\/?locale=es_LA\" target=\"_self\" rel=\"noopener\"><i class=\"hvr-icon eb-social-icon fab fa-facebook-f\"><\/i><\/a><\/li><li><a class=\"twitter-original  \" href=\"\/\/twitter.com\/elmercuriomanta\" target=\"_self\" rel=\"noopener\"><i class=\"hvr-icon eb-social-icon fab fa-twitter\"><\/i><\/a><\/li><li><a class=\"instagram-original  \" href=\"\/\/www.instagram.com\/elmercuriomanta\/?hl=es\" target=\"_self\" rel=\"noopener\"><i class=\"hvr-icon eb-social-icon fab fa-instagram\"><\/i><\/a><\/li><\/ul><\/div><\/div><\/div>\n","protected":false},"excerpt":{"rendered":"<p>En el plazo de tres d\u00edas, el Ministerio de Trabajo deber\u00e1 registrar la sanci\u00f3n de suspensi\u00f3n de los derechos de participaci\u00f3n del alcalde de Portoviejo (Manab\u00ed), Javier Pincay, que le fue impuesta por el Tribunal Contencioso Electoral (TCE) por no haber participado en el debate electoral de los comicios seccionales de febrero de 2023. As\u00ed [&hellip;]<\/p>\n","protected":false},"author":12,"featured_media":3758,"comment_status":"open","ping_status":"open","sticky":false,"template":"","format":"standard","meta":{"footnotes":""},"categories":[19],"tags":[],"class_list":["post-3756","post","type-post","status-publish","format-standard","has-post-thumbnail","hentry","category-portada-1"],"_links":{"self":[{"href":"https:\/\/elmercuriomanta.ec\/index.php\/wp-json\/wp\/v2\/posts\/3756","targetHints":{"allow":["GET"]}}],"collection":[{"href":"https:\/\/elmercuriomanta.ec\/index.php\/wp-json\/wp\/v2\/posts"}],"about":[{"href":"https:\/\/elmercuriomanta.ec\/index.php\/wp-json\/wp\/v2\/types\/post"}],"author":[{"embeddable":true,"href":"https:\/\/elmercuriomanta.ec\/index.php\/wp-json\/wp\/v2\/users\/12"}],"replies":[{"embeddable":true,"href":"https:\/\/elmercuriomanta.ec\/index.php\/wp-json\/wp\/v2\/comments?post=3756"}],"version-history":[{"count":4,"href":"https:\/\/elmercuriomanta.ec\/index.php\/wp-json\/wp\/v2\/posts\/3756\/revisions"}],"predecessor-version":[{"id":3762,"href":"https:\/\/elmercuriomanta.ec\/index.php\/wp-json\/wp\/v2\/posts\/3756\/revisions\/3762"}],"wp:featuredmedia":[{"embeddable":true,"href":"https:\/\/elmercuriomanta.ec\/index.php\/wp-json\/wp\/v2\/media\/3758"}],"wp:attachment":[{"href":"https:\/\/elmercuriomanta.ec\/index.php\/wp-json\/wp\/v2\/media?parent=3756"}],"wp:term":[{"taxonomy":"category","embeddable":true,"href":"https:\/\/elmercuriomanta.ec\/index.php\/wp-json\/wp\/v2\/categories?post=3756"},{"taxonomy":"post_tag","embeddable":true,"href":"https:\/\/elmercuriomanta.ec\/index.php\/wp-json\/wp\/v2\/tags?post=3756"}],"curies":[{"name":"wp","href":"https:\/\/api.w.org\/{rel}","templated":true}]}}