{"id":37286,"date":"2025-02-25T11:21:47","date_gmt":"2025-02-25T16:21:47","guid":{"rendered":"https:\/\/elmercuriomanta.ec\/?p=37286"},"modified":"2025-02-25T11:21:47","modified_gmt":"2025-02-25T16:21:47","slug":"hernan-bolillo-gomez-volveria-a-dirigir-a-una-seleccion","status":"publish","type":"post","link":"https:\/\/elmercuriomanta.ec\/index.php\/2025\/02\/25\/hernan-bolillo-gomez-volveria-a-dirigir-a-una-seleccion\/","title":{"rendered":"HERN\u00c1N \u2018BOLILLO\u2019 G\u00d3MEZ VOLVER\u00cdA A DIRIGIR A UNA SELECCI\u00d3N"},"content":{"rendered":"\n<figure class=\"wp-block-image aligncenter size-full\"><img fetchpriority=\"high\" decoding=\"async\" width=\"360\" height=\"203\" src=\"https:\/\/elmercuriomanta.ec\/wp-content\/uploads\/2025\/02\/GXECM7EZURAELAK6ZYWW5TDNYU.avif\" alt=\"\" class=\"wp-image-37287\" srcset=\"https:\/\/elmercuriomanta.ec\/wp-content\/uploads\/2025\/02\/GXECM7EZURAELAK6ZYWW5TDNYU.avif 360w, https:\/\/elmercuriomanta.ec\/wp-content\/uploads\/2025\/02\/GXECM7EZURAELAK6ZYWW5TDNYU-300x169.avif 300w\" sizes=\"(max-width: 360px) 100vw, 360px\" \/><\/figure>\n\n\n\n<p>El experimentado entrenador colombiano, ex mundialista con la Selecci\u00f3n Ecuatoriana de F\u00fatbol, Hern\u00e1n Dar\u00edo \u2018Bolillo\u2019 G\u00f3mez est\u00e1 a un paso de asumir el mando de la Selecci\u00f3n de El Salvador, que busca clasificar al Mundial 2026. Su llegada se dar\u00eda tras la salida de David D\u00f3niga Lara y su asistente Triano Jim\u00e9nez, quienes llegaron a un acuerdo con la Federaci\u00f3n Salvadore\u00f1a de F\u00fatbol para rescindir sus contratos. Seg\u00fan inform\u00f3 el periodista Mariano Olsen, \u2018Bolillo\u2019 G\u00f3mez ya se encuentra en Ciudad de Panam\u00e1, donde mantiene reuniones con directivos de la federaci\u00f3n salvadore\u00f1a para cerrar su contrataci\u00f3n. En caso de concretarse, El Salvador ser\u00eda la sexta selecci\u00f3n que dirigir\u00e1 el colombiano, luego de sus pasos por Colombia, Ecuador, Guatemala, Panam\u00e1 y Honduras. Su cuerpo t\u00e9cnico estar\u00eda conformado por \u00c9dgar \u2018Panzer\u2019 Carvajal como asistente y Mauricio Rold\u00e1n como preparador f\u00edsico.<\/p>\n","protected":false},"excerpt":{"rendered":"<p>El experimentado entrenador colombiano, ex mundialista con la Selecci\u00f3n Ecuatoriana de F\u00fatbol, Hern\u00e1n Dar\u00edo \u2018Bolillo\u2019 G\u00f3mez est\u00e1 a un paso de asumir el mando de la Selecci\u00f3n de El Salvador, que busca clasificar al Mundial 2026.<\/p>\n","protected":false},"author":14,"featured_media":37287,"comment_status":"open","ping_status":"open","sticky":false,"template":"","format":"standard","meta":{"footnotes":""},"categories":[1],"tags":[],"class_list":["post-37286","post","type-post","status-publish","format-standard","has-post-thumbnail","hentry","category-uncategorized"],"_links":{"self":[{"href":"https:\/\/elmercuriomanta.ec\/index.php\/wp-json\/wp\/v2\/posts\/37286","targetHints":{"allow":["GET"]}}],"collection":[{"href":"https:\/\/elmercuriomanta.ec\/index.php\/wp-json\/wp\/v2\/posts"}],"about":[{"href":"https:\/\/elmercuriomanta.ec\/index.php\/wp-json\/wp\/v2\/types\/post"}],"author":[{"embeddable":true,"href":"https:\/\/elmercuriomanta.ec\/index.php\/wp-json\/wp\/v2\/users\/14"}],"replies":[{"embeddable":true,"href":"https:\/\/elmercuriomanta.ec\/index.php\/wp-json\/wp\/v2\/comments?post=37286"}],"version-history":[{"count":1,"href":"https:\/\/elmercuriomanta.ec\/index.php\/wp-json\/wp\/v2\/posts\/37286\/revisions"}],"predecessor-version":[{"id":37289,"href":"https:\/\/elmercuriomanta.ec\/index.php\/wp-json\/wp\/v2\/posts\/37286\/revisions\/37289"}],"wp:featuredmedia":[{"embeddable":true,"href":"https:\/\/elmercuriomanta.ec\/index.php\/wp-json\/wp\/v2\/media\/37287"}],"wp:attachment":[{"href":"https:\/\/elmercuriomanta.ec\/index.php\/wp-json\/wp\/v2\/media?parent=37286"}],"wp:term":[{"taxonomy":"category","embeddable":true,"href":"https:\/\/elmercuriomanta.ec\/index.php\/wp-json\/wp\/v2\/categories?post=37286"},{"taxonomy":"post_tag","embeddable":true,"href":"https:\/\/elmercuriomanta.ec\/index.php\/wp-json\/wp\/v2\/tags?post=37286"}],"curies":[{"name":"wp","href":"https:\/\/api.w.org\/{rel}","templated":true}]}}