{"id":37240,"date":"2025-02-24T16:43:30","date_gmt":"2025-02-24T21:43:30","guid":{"rendered":"https:\/\/elmercuriomanta.ec\/?p=37240"},"modified":"2025-02-24T16:43:30","modified_gmt":"2025-02-24T21:43:30","slug":"coe-nacional-declara-en-emergencia-regional-a-seis-provincias-de-la-costa-de-ecuador","status":"publish","type":"post","link":"https:\/\/elmercuriomanta.ec\/index.php\/2025\/02\/24\/coe-nacional-declara-en-emergencia-regional-a-seis-provincias-de-la-costa-de-ecuador\/","title":{"rendered":"COE Nacional declara en emergencia regional a seis provincias de la Costa de Ecuador"},"content":{"rendered":"\n<figure class=\"wp-block-image aligncenter size-full is-resized\"><img fetchpriority=\"high\" decoding=\"async\" width=\"640\" height=\"360\" src=\"https:\/\/elmercuriomanta.ec\/wp-content\/uploads\/2025\/02\/image-240.png\" alt=\"\" class=\"wp-image-37241\" style=\"width:275px;height:auto\" srcset=\"https:\/\/elmercuriomanta.ec\/wp-content\/uploads\/2025\/02\/image-240.png 640w, https:\/\/elmercuriomanta.ec\/wp-content\/uploads\/2025\/02\/image-240-300x169.png 300w\" sizes=\"(max-width: 640px) 100vw, 640px\" \/><\/figure>\n\n\n\n<p>El Comit\u00e9 de Operaciones de Emergencia (COE) Nacional se reuni\u00f3 este lunes debido a los da\u00f1os ocasionados por las intensas lluvias en Ecuador, especialmente en las provincias de la Costa.<\/p>\n\n\n\n<p>La ministra de Energ\u00eda, In\u00e9s Manzano, quien lidera el COE Nacional, inform\u00f3 a trav\u00e9s de redes sociales sobre las medidas adoptadas, entre ellas:<\/p>\n\n\n\n<ul class=\"wp-block-list\">\n<li>Declaraci\u00f3n de emergencia regional en las provincias costeras de Esmeraldas, Manab\u00ed, Guayas, Santa Elena, Los R\u00edos y El Oro.<\/li>\n\n\n\n<li>Activaci\u00f3n de todas las Prefecturas y Municipios del pa\u00eds para acatar las disposiciones del COE Nacional y garantizar la seguridad de la poblaci\u00f3n, as\u00ed como la protecci\u00f3n de bienes e infraestructuras.<\/li>\n\n\n\n<li>Asignaci\u00f3n de recursos econ\u00f3micos para atender la emergencia.<\/li>\n<\/ul>\n\n\n\n<p>La reuni\u00f3n del COE se llev\u00f3 a cabo en Machala, provincia de El Oro, a las 12:00 de ese d\u00eda. Posteriormente, la Secretar\u00eda de Gesti\u00f3n de Riesgos program\u00f3 una rueda de prensa a las 18:00 para comunicar oficialmente las resoluciones adoptadas.<\/p>\n\n\n\n<figure class=\"wp-block-embed is-type-rich is-provider-twitter wp-block-embed-twitter\"><div class=\"wp-block-embed__wrapper\">\n<blockquote class=\"twitter-tweet\" data-width=\"550\" data-dnt=\"true\"><p lang=\"es\" dir=\"ltr\">Cerrando el COE Nacional convocado, algunas resoluciones importantes para los ciudadanos:<br>1. Se declara en emergencia regional a las provincias de la Costa: Esmeraldas, Manabi, Guayas, Santa Elena, Los R\u00edos y El Oro;<br>2. TODAS las Prefecturas y Municipios del Ecuador deben\u2026<\/p>&mdash; Ines Manzano (@inesmanzano) <a href=\"https:\/\/twitter.com\/inesmanzano\/status\/1894090878417080787?ref_src=twsrc%5Etfw\">February 24, 2025<\/a><\/blockquote><script async src=\"https:\/\/platform.twitter.com\/widgets.js\" charset=\"utf-8\"><\/script>\n<\/div><\/figure>\n\n\n\n<p>Desde el 1 de enero hasta el 24 de febrero, la Secretar\u00eda Nacional de Gesti\u00f3n de Riesgos report\u00f3 858 eventos adversos en 23 provincias debido a las lluvias. En este per\u00edodo invernal, se registran nueve fallecidos, 14.328 personas afectadas, 754 damnificados y 23 kil\u00f3metros de v\u00edas destrui<\/p>\n","protected":false},"excerpt":{"rendered":"<p>El Comit\u00e9 de Operaciones de Emergencia (COE) Nacional se reuni\u00f3 este lunes debido a los da\u00f1os ocasionados por las intensas lluvias en Ecuador, especialmente en las provincias de la Costa.<\/p>\n","protected":false},"author":14,"featured_media":37241,"comment_status":"open","ping_status":"open","sticky":false,"template":"","format":"standard","meta":{"footnotes":""},"categories":[20,83,1],"tags":[23],"class_list":["post-37240","post","type-post","status-publish","format-standard","has-post-thumbnail","hentry","category-portada-2","category-sucesos","category-uncategorized","tag-ecuador"],"_links":{"self":[{"href":"https:\/\/elmercuriomanta.ec\/index.php\/wp-json\/wp\/v2\/posts\/37240","targetHints":{"allow":["GET"]}}],"collection":[{"href":"https:\/\/elmercuriomanta.ec\/index.php\/wp-json\/wp\/v2\/posts"}],"about":[{"href":"https:\/\/elmercuriomanta.ec\/index.php\/wp-json\/wp\/v2\/types\/post"}],"author":[{"embeddable":true,"href":"https:\/\/elmercuriomanta.ec\/index.php\/wp-json\/wp\/v2\/users\/14"}],"replies":[{"embeddable":true,"href":"https:\/\/elmercuriomanta.ec\/index.php\/wp-json\/wp\/v2\/comments?post=37240"}],"version-history":[{"count":1,"href":"https:\/\/elmercuriomanta.ec\/index.php\/wp-json\/wp\/v2\/posts\/37240\/revisions"}],"predecessor-version":[{"id":37242,"href":"https:\/\/elmercuriomanta.ec\/index.php\/wp-json\/wp\/v2\/posts\/37240\/revisions\/37242"}],"wp:featuredmedia":[{"embeddable":true,"href":"https:\/\/elmercuriomanta.ec\/index.php\/wp-json\/wp\/v2\/media\/37241"}],"wp:attachment":[{"href":"https:\/\/elmercuriomanta.ec\/index.php\/wp-json\/wp\/v2\/media?parent=37240"}],"wp:term":[{"taxonomy":"category","embeddable":true,"href":"https:\/\/elmercuriomanta.ec\/index.php\/wp-json\/wp\/v2\/categories?post=37240"},{"taxonomy":"post_tag","embeddable":true,"href":"https:\/\/elmercuriomanta.ec\/index.php\/wp-json\/wp\/v2\/tags?post=37240"}],"curies":[{"name":"wp","href":"https:\/\/api.w.org\/{rel}","templated":true}]}}