{"id":36927,"date":"2025-02-19T14:03:52","date_gmt":"2025-02-19T19:03:52","guid":{"rendered":"https:\/\/elmercuriomanta.ec\/?p=36927"},"modified":"2025-02-19T14:12:41","modified_gmt":"2025-02-19T19:12:41","slug":"el-covid-sigue-latente-en-manabi","status":"publish","type":"post","link":"https:\/\/elmercuriomanta.ec\/index.php\/2025\/02\/19\/el-covid-sigue-latente-en-manabi\/","title":{"rendered":"El COVID sigue latente en Manab\u00ed"},"content":{"rendered":"\n<figure class=\"wp-block-image aligncenter size-full is-resized\"><img fetchpriority=\"high\" decoding=\"async\" width=\"957\" height=\"668\" src=\"https:\/\/elmercuriomanta.ec\/wp-content\/uploads\/2025\/02\/image-180.png\" alt=\"\" class=\"wp-image-36935\" style=\"width:255px;height:auto\" srcset=\"https:\/\/elmercuriomanta.ec\/wp-content\/uploads\/2025\/02\/image-180.png 957w, https:\/\/elmercuriomanta.ec\/wp-content\/uploads\/2025\/02\/image-180-300x209.png 300w, https:\/\/elmercuriomanta.ec\/wp-content\/uploads\/2025\/02\/image-180-768x536.png 768w\" sizes=\"(max-width: 957px) 100vw, 957px\" \/><\/figure>\n\n\n\n<p>A mediados de 2020, Martha Conforme contrajo covid-19 y, aunque logr\u00f3 superar la enfermedad, a\u00fan sufre sus secuelas. \u201cAntes casi no me enfermaba, pero ahora hasta un cambio de clima me afecta. He tenido gripe varias veces en el mismo a\u00f1o\u201d, coment\u00f3 la manabita de 65 a\u00f1os, quien tambi\u00e9n experimenta dolores en la rodilla, los cuales atribuye a los efectos posteriores del virus.<\/p>\n\n\n\n<p>\u00c1ngel Ram\u00edrez Castro, investigador principal del Centro de Investigaci\u00f3n y Tratamiento de Enfermedades Infecciosas e Inflamatorias Cr\u00f3nicas (CITEIC), sostiene que la pandemia marc\u00f3 un antes y un despu\u00e9s en la medicina. \u201cNi las enfermedades ni los pacientes son los mismos. El covid y la vacuna afectaron el sistema inmunol\u00f3gico, da\u00f1ando incluso la gen\u00e9tica humana\u201d, afirm\u00f3. Explic\u00f3 que, debido a esto, muchas personas ahora se enferman con mayor frecuencia y, en algunos casos, el virus aceler\u00f3 el desarrollo de otras enfermedades. \u201cHemos visto un aumento significativo en alergias a nivel mundial, especialmente en ni\u00f1os\u201d, agreg\u00f3, mencionando tambi\u00e9n que el uso excesivo de productos qu\u00edmicos contribuye al debilitamiento del sistema inmune.<\/p>\n\n\n\n<h3 class=\"wp-block-heading\"><strong>El covid-19 sigue presente en Manab\u00ed<\/strong><\/h3>\n\n\n\n<p>Seg\u00fan datos de la Coordinaci\u00f3n Zonal 4 de Salud, en 2024 se reportaron 1.044 casos de covid-19 en Manab\u00ed, mientras que entre enero y el 10 de febrero de 2025 se han registrado 88 casos. Melba Morales, responsable de la Gesti\u00f3n Zonal de Vigilancia, Prevenci\u00f3n y Control de la Salud, explic\u00f3 que aunque la pandemia termin\u00f3 en 2022, el virus sigue circulando de manera espor\u00e1dica. \u201cSiempre supimos que este virus respiratorio permanecer\u00eda entre nosotros, al igual que otros que afectan con frecuencia a la poblaci\u00f3n\u201d, indic\u00f3.<\/p>\n\n\n\n<p>En lo que va del 2025, Portoviejo lidera los contagios con 34 casos, seguido de Pedernales con 19. Morales destac\u00f3 que la mayor\u00eda de los pacientes diagnosticados no han requerido hospitalizaci\u00f3n y aquellos que s\u00ed, lograron recuperarse. \u201cPor lo general, los hospitalizados son personas con enfermedades cr\u00f3nicas, lo que representa un factor de riesgo que complica el cuadro cl\u00ednico del covid y de otras patolog\u00edas\u201d, explic\u00f3. Adem\u00e1s, asegur\u00f3 que desde 2024 no se han reportado fallecimientos a causa del virus.<\/p>\n","protected":false},"excerpt":{"rendered":"<p>A mediados del 2020, Martha Conforme se contagi\u00f3 de covid y, aunque super\u00f3 la enfermedad, le han quedado secuelas. \u201cAntes, me enfermaba rara vez, ahora hasta el cambio de clima me afecta. Me ha dado gripe varias veces en el mismo a\u00f1o\u201d, coment\u00f3 la manabita de 65 a\u00f1os, quien menciona que tambi\u00e9n padece de dolores en su rodilla y cree que son secuelas que le dej\u00f3 el covid.\u00a0<\/p>\n","protected":false},"author":14,"featured_media":36935,"comment_status":"open","ping_status":"open","sticky":false,"template":"","format":"standard","meta":{"footnotes":""},"categories":[1],"tags":[29],"class_list":["post-36927","post","type-post","status-publish","format-standard","has-post-thumbnail","hentry","category-uncategorized","tag-manabi"],"_links":{"self":[{"href":"https:\/\/elmercuriomanta.ec\/index.php\/wp-json\/wp\/v2\/posts\/36927","targetHints":{"allow":["GET"]}}],"collection":[{"href":"https:\/\/elmercuriomanta.ec\/index.php\/wp-json\/wp\/v2\/posts"}],"about":[{"href":"https:\/\/elmercuriomanta.ec\/index.php\/wp-json\/wp\/v2\/types\/post"}],"author":[{"embeddable":true,"href":"https:\/\/elmercuriomanta.ec\/index.php\/wp-json\/wp\/v2\/users\/14"}],"replies":[{"embeddable":true,"href":"https:\/\/elmercuriomanta.ec\/index.php\/wp-json\/wp\/v2\/comments?post=36927"}],"version-history":[{"count":3,"href":"https:\/\/elmercuriomanta.ec\/index.php\/wp-json\/wp\/v2\/posts\/36927\/revisions"}],"predecessor-version":[{"id":36936,"href":"https:\/\/elmercuriomanta.ec\/index.php\/wp-json\/wp\/v2\/posts\/36927\/revisions\/36936"}],"wp:featuredmedia":[{"embeddable":true,"href":"https:\/\/elmercuriomanta.ec\/index.php\/wp-json\/wp\/v2\/media\/36935"}],"wp:attachment":[{"href":"https:\/\/elmercuriomanta.ec\/index.php\/wp-json\/wp\/v2\/media?parent=36927"}],"wp:term":[{"taxonomy":"category","embeddable":true,"href":"https:\/\/elmercuriomanta.ec\/index.php\/wp-json\/wp\/v2\/categories?post=36927"},{"taxonomy":"post_tag","embeddable":true,"href":"https:\/\/elmercuriomanta.ec\/index.php\/wp-json\/wp\/v2\/tags?post=36927"}],"curies":[{"name":"wp","href":"https:\/\/api.w.org\/{rel}","templated":true}]}}