{"id":3685,"date":"2023-08-04T11:54:11","date_gmt":"2023-08-04T16:54:11","guid":{"rendered":"https:\/\/elmercuriomanta.ec\/?p=3685"},"modified":"2023-08-04T11:54:11","modified_gmt":"2023-08-04T16:54:11","slug":"museos-manabitas-celebran-el-mes-de-la-cultura-con-variada-agenda-de-actividades","status":"publish","type":"post","link":"https:\/\/elmercuriomanta.ec\/index.php\/2023\/08\/04\/museos-manabitas-celebran-el-mes-de-la-cultura-con-variada-agenda-de-actividades\/","title":{"rendered":"Museos manabitas celebran el mes de la cultura con variada agenda de actividades"},"content":{"rendered":"\n<figure class=\"wp-block-image aligncenter size-full is-resized\"><img fetchpriority=\"high\" decoding=\"async\" src=\"https:\/\/elmercuriomanta.ec\/wp-content\/uploads\/2023\/08\/WhatsApp-Image-2023-08-04-at-11.12.06.jpeg\" alt=\"\" class=\"wp-image-3686\" width=\"369\" height=\"246\" srcset=\"https:\/\/elmercuriomanta.ec\/wp-content\/uploads\/2023\/08\/WhatsApp-Image-2023-08-04-at-11.12.06.jpeg 1024w, https:\/\/elmercuriomanta.ec\/wp-content\/uploads\/2023\/08\/WhatsApp-Image-2023-08-04-at-11.12.06-300x200.jpeg 300w, https:\/\/elmercuriomanta.ec\/wp-content\/uploads\/2023\/08\/WhatsApp-Image-2023-08-04-at-11.12.06-768x512.jpeg 768w\" sizes=\"(max-width: 369px) 100vw, 369px\" \/><\/figure>\n\n\n\n<p>El Ministerio de Cultura y Patrimonio en coordinaci\u00f3n con el Museo Nuclear Corporaci\u00f3n Ciudad Alfaro y sus sedes; presentan varias actividades culturales para celebrar el D\u00eda Nacional de la Cultura, con el objetivo promover y fortalecer la importancia de los derechos culturales, el arte, la literatura, la memoria social, el patrimonio, la creatividad y las diversas manifestaciones que forman parte de la identidad ecuatoriana.<\/p>\n\n\n\n<p>A continuaci\u00f3n se detalla la informaci\u00f3n de acuerdo a cada instituci\u00f3n:<\/p>\n\n\n\n<p><strong>Museo Centro Cultural Manta: <\/strong>programa cultural \u201cAlgarab\u00eda de las artes por el D\u00eda Nacional de la Cultura\u201d el mi\u00e9rcoles 9 de agosto, a las 15:00.<\/p>\n\n\n\n<p><strong>Museo Nuclear Corporaci\u00f3n Ciudad Alfaro:<\/strong> feria artesanal \u201cPatrimonio vivo\u201d jueves 17 de agosto, a las 10:00.<\/p>\n\n\n\n<p><strong>Museo Bah\u00eda de Car\u00e1quez:<\/strong> inauguraci\u00f3n de exposici\u00f3n\u201cArtaki\u201d mi\u00e9rcoles 23 de agosto, a las 14:30.<\/p>\n\n\n\n<p><strong>Museo Portoviejo y Archivo Hist\u00f3rico:<\/strong> concurso de poes\u00eda \u201cLesther Mac\u00edas Vera\u201d mi\u00e9rcoles 30 de agosto, a las 10:00.<\/p>\n\n\n\n<p>Esta celebraci\u00f3n nacional se realiza en el siguiente contexto hist\u00f3rico: El 11 de noviembre de 1943, el presidente Carlos Alberto Arroyo del R\u00edo, fund\u00f3 el Instituto de la Cultura Ecuatoriana. Luego, el 9 de agosto de 1944, se instituy\u00f3 la Casa de la Cultura Ecuatoriana, bajo el impulso del Dr. Benjam\u00edn Carri\u00f3n y el Decreto Ejecutivo 707 emitido por el presidente Velasco Ibarra, finalmente en 1975, durante el mandato de Guillermo Rodr\u00edguez Lara, se expidi\u00f3 el Decreto 677 que consagr\u00f3 al 9 de agosto como D\u00eda Nacional de la Cultura.<\/p>\n\n\n\n<div class=\"wp-block-essential-blocks-social\"><div class=\"eb-parent-wrapper eb-parent-eb-social-links-sm1lxr4 \"><div class=\"eb-social-links-sm1lxr4 eb-social-links-wrapper\"><ul class=\"eb-socials\"><li><a class=\"facebook-f-original  \" href=\"\/\/www.facebook.com\/YoSoyElMercurio\/?locale=es_LA\" target=\"_self\" rel=\"noopener\"><i class=\"hvr-icon eb-social-icon fab fa-facebook-f\"><\/i><\/a><\/li><li><a class=\"twitter-original  \" href=\"\/\/twitter.com\/elmercuriomanta\" target=\"_self\" rel=\"noopener\"><i class=\"hvr-icon eb-social-icon fab fa-twitter\"><\/i><\/a><\/li><li><a class=\"instagram-original  \" href=\"\/\/www.instagram.com\/elmercuriomanta\/?hl=es\" target=\"_self\" rel=\"noopener\"><i class=\"hvr-icon eb-social-icon fab fa-instagram\"><\/i><\/a><\/li><\/ul><\/div><\/div><\/div>\n","protected":false},"excerpt":{"rendered":"<p>El Ministerio de Cultura y Patrimonio en coordinaci\u00f3n con el Museo Nuclear Corporaci\u00f3n Ciudad Alfaro y sus sedes; presentan varias actividades culturales para celebrar el D\u00eda Nacional de la Cultura, con el objetivo promover y fortalecer la importancia de los derechos culturales, el arte, la literatura, la memoria social, el patrimonio, la creatividad y las [&hellip;]<\/p>\n","protected":false},"author":12,"featured_media":3686,"comment_status":"open","ping_status":"open","sticky":false,"template":"","format":"standard","meta":{"footnotes":""},"categories":[21],"tags":[],"class_list":["post-3685","post","type-post","status-publish","format-standard","has-post-thumbnail","hentry","category-noticia-del-dia"],"_links":{"self":[{"href":"https:\/\/elmercuriomanta.ec\/index.php\/wp-json\/wp\/v2\/posts\/3685","targetHints":{"allow":["GET"]}}],"collection":[{"href":"https:\/\/elmercuriomanta.ec\/index.php\/wp-json\/wp\/v2\/posts"}],"about":[{"href":"https:\/\/elmercuriomanta.ec\/index.php\/wp-json\/wp\/v2\/types\/post"}],"author":[{"embeddable":true,"href":"https:\/\/elmercuriomanta.ec\/index.php\/wp-json\/wp\/v2\/users\/12"}],"replies":[{"embeddable":true,"href":"https:\/\/elmercuriomanta.ec\/index.php\/wp-json\/wp\/v2\/comments?post=3685"}],"version-history":[{"count":1,"href":"https:\/\/elmercuriomanta.ec\/index.php\/wp-json\/wp\/v2\/posts\/3685\/revisions"}],"predecessor-version":[{"id":3687,"href":"https:\/\/elmercuriomanta.ec\/index.php\/wp-json\/wp\/v2\/posts\/3685\/revisions\/3687"}],"wp:featuredmedia":[{"embeddable":true,"href":"https:\/\/elmercuriomanta.ec\/index.php\/wp-json\/wp\/v2\/media\/3686"}],"wp:attachment":[{"href":"https:\/\/elmercuriomanta.ec\/index.php\/wp-json\/wp\/v2\/media?parent=3685"}],"wp:term":[{"taxonomy":"category","embeddable":true,"href":"https:\/\/elmercuriomanta.ec\/index.php\/wp-json\/wp\/v2\/categories?post=3685"},{"taxonomy":"post_tag","embeddable":true,"href":"https:\/\/elmercuriomanta.ec\/index.php\/wp-json\/wp\/v2\/tags?post=3685"}],"curies":[{"name":"wp","href":"https:\/\/api.w.org\/{rel}","templated":true}]}}