{"id":36622,"date":"2025-02-14T09:25:53","date_gmt":"2025-02-14T14:25:53","guid":{"rendered":"https:\/\/elmercuriomanta.ec\/?p=36622"},"modified":"2025-02-14T09:57:00","modified_gmt":"2025-02-14T14:57:00","slug":"asesinan-a-un-teniente-coronel-de-las-fuerza-aerea-ecuatoriana-fae","status":"publish","type":"post","link":"https:\/\/elmercuriomanta.ec\/index.php\/2025\/02\/14\/asesinan-a-un-teniente-coronel-de-las-fuerza-aerea-ecuatoriana-fae\/","title":{"rendered":"Asesinan a\u00a0un teniente coronel de las Fuerza A\u00e9rea Ecuatoriana (FAE)"},"content":{"rendered":"\n<figure class=\"wp-block-image aligncenter size-large is-resized\"><img fetchpriority=\"high\" decoding=\"async\" width=\"1024\" height=\"512\" src=\"https:\/\/elmercuriomanta.ec\/wp-content\/uploads\/2025\/02\/image-127-1024x512.png\" alt=\"\" class=\"wp-image-36623\" style=\"width:326px;height:auto\" srcset=\"https:\/\/elmercuriomanta.ec\/wp-content\/uploads\/2025\/02\/image-127-1024x512.png 1024w, https:\/\/elmercuriomanta.ec\/wp-content\/uploads\/2025\/02\/image-127-300x150.png 300w, https:\/\/elmercuriomanta.ec\/wp-content\/uploads\/2025\/02\/image-127-768x384.png 768w, https:\/\/elmercuriomanta.ec\/wp-content\/uploads\/2025\/02\/image-127.png 1200w\" sizes=\"(max-width: 1024px) 100vw, 1024px\" \/><\/figure>\n\n\n\n<p>Este viernes, Porfirio Cede\u00f1o Cede\u00f1o, Teniente coronel de las Fuerza A\u00e9rea Ecuatoriana (FAE)&nbsp;<strong>fue asesinado&nbsp;tras un ataque armado<\/strong>&nbsp;registrado en kil\u00f3metro 16.5 de la V\u00eda a Daule, cerca de la Penitenciar\u00eda del Litoral.<\/p>\n\n\n\n<p> El&nbsp;<strong>conductor del veh\u00edculo qued\u00f3 herido de gravedad<\/strong>.<\/p>\n\n\n\n<p> La autoridad militar se&nbsp;<strong>dirig\u00eda a la ciudad de Manta para asistir a una ceremonia.<\/strong><\/p>\n\n\n\n<p>M\u00e1s de 20 balas se habr\u00edan disparado en la escena, seg\u00fan informaci\u00f3n preliminar. <\/p>\n\n\n\n<p>El veh\u00edculo usado por los atacantes fue quemado en Villa Bonita.<\/p>\n\n\n\n<p>Este crimen caus\u00f3 congesti\u00f3n en la V\u00eda a Daule, report\u00f3 la Agencia de Tr\u00e1nsito y Movilidad (ATM) de Guayaquil, ante las diligencias de investigaci\u00f3n de la Polic\u00eda.<\/p>\n\n\n\n<p>Mediante sus redes sociales Las Fuerzas Armadas del Ecuador informaron que solicitan tu apoyo para capturar a los responsables del ataque armado contra personal militar en las inmediaciones del Centro de Rehabilitaci\u00f3n Social de Guayas, en Guayaquil. Adem\u00e1s, ofrecen una recompensa.<\/p>\n\n\n\n<figure class=\"wp-block-embed is-type-rich is-provider-twitter wp-block-embed-twitter\"><div class=\"wp-block-embed__wrapper\">\n<blockquote class=\"twitter-tweet\" data-width=\"550\" data-dnt=\"true\"><p lang=\"es\" dir=\"ltr\">\ud83d\udea8\u00a1\ud835\uddd4\ud835\udde7\ud835\uddd8\ud835\udde1\ud835\uddd6\ud835\udddc\ud835\udde2\u0301\ud835\udde1! \ud83d\udea8<br>Las Fuerzas Armadas del Ecuador solicitan tu apoyo para capturar a los responsables del ataque armado contra personal militar en las inmediaciones del Centro de Rehabilitaci\u00f3n Social de Guayas, en <a href=\"https:\/\/twitter.com\/hashtag\/Guayaquil?src=hash&amp;ref_src=twsrc%5Etfw\">#Guayaquil<\/a>.<br>Si tienes informaci\u00f3n sobre este hecho, no\u2026 <a href=\"https:\/\/t.co\/PnpksXw8wz\">pic.twitter.com\/PnpksXw8wz<\/a><\/p>&mdash; Fuerzas Armadas del Ecuador (@FFAAECUADOR) <a href=\"https:\/\/twitter.com\/FFAAECUADOR\/status\/1890409340819116524?ref_src=twsrc%5Etfw\">February 14, 2025<\/a><\/blockquote><script async src=\"https:\/\/platform.twitter.com\/widgets.js\" charset=\"utf-8\"><\/script>\n<\/div><\/figure>\n","protected":false},"excerpt":{"rendered":"<p>Este viernes, Porfirio Cede\u00f1o Cede\u00f1o, Teniente coronel de las Fuerza A\u00e9rea Ecuatoriana (FAE)\u00a0fue asesinado\u00a0tras un ataque armado\u00a0registrado en kil\u00f3metro 16.5 de la V\u00eda a Daule, cerca de la Penitenciar\u00eda del Litoral.<\/p>\n","protected":false},"author":14,"featured_media":36623,"comment_status":"open","ping_status":"open","sticky":false,"template":"","format":"standard","meta":{"footnotes":""},"categories":[16],"tags":[91],"class_list":["post-36622","post","type-post","status-publish","format-standard","has-post-thumbnail","hentry","category-cronica","tag-cronica"],"_links":{"self":[{"href":"https:\/\/elmercuriomanta.ec\/index.php\/wp-json\/wp\/v2\/posts\/36622","targetHints":{"allow":["GET"]}}],"collection":[{"href":"https:\/\/elmercuriomanta.ec\/index.php\/wp-json\/wp\/v2\/posts"}],"about":[{"href":"https:\/\/elmercuriomanta.ec\/index.php\/wp-json\/wp\/v2\/types\/post"}],"author":[{"embeddable":true,"href":"https:\/\/elmercuriomanta.ec\/index.php\/wp-json\/wp\/v2\/users\/14"}],"replies":[{"embeddable":true,"href":"https:\/\/elmercuriomanta.ec\/index.php\/wp-json\/wp\/v2\/comments?post=36622"}],"version-history":[{"count":4,"href":"https:\/\/elmercuriomanta.ec\/index.php\/wp-json\/wp\/v2\/posts\/36622\/revisions"}],"predecessor-version":[{"id":36627,"href":"https:\/\/elmercuriomanta.ec\/index.php\/wp-json\/wp\/v2\/posts\/36622\/revisions\/36627"}],"wp:featuredmedia":[{"embeddable":true,"href":"https:\/\/elmercuriomanta.ec\/index.php\/wp-json\/wp\/v2\/media\/36623"}],"wp:attachment":[{"href":"https:\/\/elmercuriomanta.ec\/index.php\/wp-json\/wp\/v2\/media?parent=36622"}],"wp:term":[{"taxonomy":"category","embeddable":true,"href":"https:\/\/elmercuriomanta.ec\/index.php\/wp-json\/wp\/v2\/categories?post=36622"},{"taxonomy":"post_tag","embeddable":true,"href":"https:\/\/elmercuriomanta.ec\/index.php\/wp-json\/wp\/v2\/tags?post=36622"}],"curies":[{"name":"wp","href":"https:\/\/api.w.org\/{rel}","templated":true}]}}