{"id":36184,"date":"2025-02-07T10:55:57","date_gmt":"2025-02-07T15:55:57","guid":{"rendered":"https:\/\/elmercuriomanta.ec\/?p=36184"},"modified":"2025-02-07T11:10:53","modified_gmt":"2025-02-07T16:10:53","slug":"capturan-a-alias-alan-uno-de-los-cabecillas-del-grupo-delictivo-las-aguilas-en-milagro","status":"publish","type":"post","link":"https:\/\/elmercuriomanta.ec\/index.php\/2025\/02\/07\/capturan-a-alias-alan-uno-de-los-cabecillas-del-grupo-delictivo-las-aguilas-en-milagro\/","title":{"rendered":"Capturan a alias \u2018Alan\u2019, uno de los cabecillas del grupo Las \u00c1guilas"},"content":{"rendered":"\n<figure class=\"wp-block-image aligncenter size-large is-resized\"><img fetchpriority=\"high\" decoding=\"async\" width=\"1024\" height=\"498\" src=\"https:\/\/elmercuriomanta.ec\/wp-content\/uploads\/2025\/02\/image-59-1024x498.png\" alt=\"\" class=\"wp-image-36185\" style=\"width:422px;height:auto\" srcset=\"https:\/\/elmercuriomanta.ec\/wp-content\/uploads\/2025\/02\/image-59-1024x498.png 1024w, https:\/\/elmercuriomanta.ec\/wp-content\/uploads\/2025\/02\/image-59-300x146.png 300w, https:\/\/elmercuriomanta.ec\/wp-content\/uploads\/2025\/02\/image-59-768x373.png 768w, https:\/\/elmercuriomanta.ec\/wp-content\/uploads\/2025\/02\/image-59.png 1366w\" sizes=\"(max-width: 1024px) 100vw, 1024px\" \/><\/figure>\n\n\n\n<p>En Milagro, Guayas, La Polic\u00eda capturo a Alan Gustavo G. A., conocido como alias \u2018Alan\u2019, quien ser\u00eda uno de los cabecillas del grupo delictivo \u2018Las \u00c1guilas\u2019.<\/p>\n\n\n\n<p>Tambi\u00e9n se detuvo a 12 presuntos delincuentes que pertenecer\u00edan del mismo grupo armado organizado.<\/p>\n\n\n\n<p>Los agentes policiales detuvieron a alias \u2018Alan\u2019 con veh\u00edculos de alta gama y varias personas sospechosas en el interior.<\/p>\n\n\n\n<figure class=\"wp-block-embed is-type-rich is-provider-twitter wp-block-embed-twitter\"><div class=\"wp-block-embed__wrapper\">\n<blockquote class=\"twitter-tweet\" data-width=\"550\" data-dnt=\"true\"><p lang=\"es\" dir=\"ltr\"><a href=\"https:\/\/twitter.com\/hashtag\/URGENTE?src=hash&amp;ref_src=twsrc%5Etfw\">#URGENTE<\/a> || \ud83d\udea8<a href=\"https:\/\/twitter.com\/hashtag\/CAPTURAMOS?src=hash&amp;ref_src=twsrc%5Etfw\">#CAPTURAMOS<\/a> A 13 SUJETOS ENTRE ELLOS ALAN A., OBJETIVO DE INTERMEDIO VALOR, PRESUNTO CABECILLA DEL GAO &quot;LAS \u00c1GUILAS&quot;<br><br>En un operativo policial ejecutado en el cant\u00f3n <a href=\"https:\/\/twitter.com\/hashtag\/Milagro?src=hash&amp;ref_src=twsrc%5Etfw\">#Milagro<\/a>, <a href=\"https:\/\/twitter.com\/hashtag\/Guayas?src=hash&amp;ref_src=twsrc%5Etfw\">#Guayas<\/a>, ubicamos veh\u00edculos de alta gama con varias personas en el interior, quienes\u2026 <a href=\"https:\/\/t.co\/J5UxNm1dCr\">pic.twitter.com\/J5UxNm1dCr<\/a><\/p>&mdash; Polic\u00eda Ecuador (@PoliciaEcuador) <a href=\"https:\/\/twitter.com\/PoliciaEcuador\/status\/1887711952840925621?ref_src=twsrc%5Etfw\">February 7, 2025<\/a><\/blockquote><script async src=\"https:\/\/platform.twitter.com\/widgets.js\" charset=\"utf-8\"><\/script>\n<\/div><\/figure>\n\n\n\n<p>Seg\u00fan la policia, los delincuentes se dedican al robo a mano armada, extorsi\u00f3n, sicariato, tr\u00e1fico il\u00edcito de sustancias sujetas a fiscalizaci\u00f3n, tenencia de armas de fuego, entre otros delitos.<\/p>\n\n\n\n<p>Las \u00c1guilas  tiene c\u00e9lulas que operan en distintos cantones de Guayas.<\/p>\n\n\n\n<p>Alias \u2018Alan\u2019 tiene como antecedentes el ocultamiento de cosas robadas, tenencia de armas no autorizadas y registra procesos judiciales por ingreso de art\u00edculos prohibidos, delincuencia organizada, intimidaci\u00f3n, tenencia y porte de armas.<\/p>\n\n\n\n<p>El sujeto es considerado un objetivo de intermedio valor.<\/p>\n\n\n\n<p>Se decomis\u00f3 12 tel\u00e9fonos celulares, armas de fuego tipo pistola y dinero en efectivo.<\/p>\n\n\n\n<p>La Polic\u00eda ha puesto a \u00f3rdenes de las autoridades judiciales a estos detenidos para iniciar el proceso judicial.<strong>\u00a0<\/strong><\/p>\n\n\n\n<p><\/p>\n","protected":false},"excerpt":{"rendered":"<p>En Milagro, Guayas, La Polic\u00eda capsturo a Alan Gustavo G. A., conocido como alias \u2018Alan\u2019, quien ser\u00eda uno de los cabecillas del grupo delictivo \u2018Las \u00c1guilas\u2019.<\/p>\n","protected":false},"author":14,"featured_media":36185,"comment_status":"open","ping_status":"open","sticky":false,"template":"","format":"standard","meta":{"footnotes":""},"categories":[16,1],"tags":[91],"class_list":["post-36184","post","type-post","status-publish","format-standard","has-post-thumbnail","hentry","category-cronica","category-uncategorized","tag-cronica"],"_links":{"self":[{"href":"https:\/\/elmercuriomanta.ec\/index.php\/wp-json\/wp\/v2\/posts\/36184","targetHints":{"allow":["GET"]}}],"collection":[{"href":"https:\/\/elmercuriomanta.ec\/index.php\/wp-json\/wp\/v2\/posts"}],"about":[{"href":"https:\/\/elmercuriomanta.ec\/index.php\/wp-json\/wp\/v2\/types\/post"}],"author":[{"embeddable":true,"href":"https:\/\/elmercuriomanta.ec\/index.php\/wp-json\/wp\/v2\/users\/14"}],"replies":[{"embeddable":true,"href":"https:\/\/elmercuriomanta.ec\/index.php\/wp-json\/wp\/v2\/comments?post=36184"}],"version-history":[{"count":4,"href":"https:\/\/elmercuriomanta.ec\/index.php\/wp-json\/wp\/v2\/posts\/36184\/revisions"}],"predecessor-version":[{"id":36189,"href":"https:\/\/elmercuriomanta.ec\/index.php\/wp-json\/wp\/v2\/posts\/36184\/revisions\/36189"}],"wp:featuredmedia":[{"embeddable":true,"href":"https:\/\/elmercuriomanta.ec\/index.php\/wp-json\/wp\/v2\/media\/36185"}],"wp:attachment":[{"href":"https:\/\/elmercuriomanta.ec\/index.php\/wp-json\/wp\/v2\/media?parent=36184"}],"wp:term":[{"taxonomy":"category","embeddable":true,"href":"https:\/\/elmercuriomanta.ec\/index.php\/wp-json\/wp\/v2\/categories?post=36184"},{"taxonomy":"post_tag","embeddable":true,"href":"https:\/\/elmercuriomanta.ec\/index.php\/wp-json\/wp\/v2\/tags?post=36184"}],"curies":[{"name":"wp","href":"https:\/\/api.w.org\/{rel}","templated":true}]}}