{"id":36008,"date":"2025-02-04T10:33:29","date_gmt":"2025-02-04T15:33:29","guid":{"rendered":"https:\/\/elmercuriomanta.ec\/?p=36008"},"modified":"2025-02-04T11:01:36","modified_gmt":"2025-02-04T16:01:36","slug":"nayib-bukele-ofrece-su-megacarcel-para-los-presos-de-ee-uu","status":"publish","type":"post","link":"https:\/\/elmercuriomanta.ec\/index.php\/2025\/02\/04\/nayib-bukele-ofrece-su-megacarcel-para-los-presos-de-ee-uu\/","title":{"rendered":"Nayib Bukele ofrece su megac\u00e1rcel para los presos de EE.UU"},"content":{"rendered":"\n<figure class=\"wp-block-image aligncenter size-large is-resized\"><img fetchpriority=\"high\" decoding=\"async\" width=\"1024\" height=\"682\" src=\"https:\/\/elmercuriomanta.ec\/wp-content\/uploads\/2025\/02\/WGNSEIWJV5HDJAPHPE7HDRVYZ4-1024x682.avif\" alt=\"\" class=\"wp-image-36016\" style=\"width:336px;height:auto\" srcset=\"https:\/\/elmercuriomanta.ec\/wp-content\/uploads\/2025\/02\/WGNSEIWJV5HDJAPHPE7HDRVYZ4-1024x682.avif 1024w, https:\/\/elmercuriomanta.ec\/wp-content\/uploads\/2025\/02\/WGNSEIWJV5HDJAPHPE7HDRVYZ4-300x200.avif 300w, https:\/\/elmercuriomanta.ec\/wp-content\/uploads\/2025\/02\/WGNSEIWJV5HDJAPHPE7HDRVYZ4-768x512.avif 768w, https:\/\/elmercuriomanta.ec\/wp-content\/uploads\/2025\/02\/WGNSEIWJV5HDJAPHPE7HDRVYZ4.avif 1508w\" sizes=\"(max-width: 1024px) 100vw, 1024px\" \/><\/figure>\n\n\n\n<p><strong>Este lunes<\/strong>, <strong>Nayib Bukele, acept\u00f3<\/strong> <strong>recibir en su megac\u00e1rcel a los migrantes indocumentados que fueron detenidos por cr\u00edmenes graves en Estados Unidos<\/strong> e incluso a albergar a presos de nacionalidad estadounidense.<\/p>\n\n\n\n<p>Este acuerdo fue calificado por ambas partes como \u201csin precedentes\u201d.<\/p>\n\n\n\n<figure class=\"wp-block-embed is-type-rich is-provider-twitter wp-block-embed-twitter\"><div class=\"wp-block-embed__wrapper\">\n<blockquote class=\"twitter-tweet\" data-width=\"550\" data-dnt=\"true\"><p lang=\"en\" dir=\"ltr\">We have offered the United States of America the opportunity to outsource part of its prison system.<br><br>We are willing to take in only convicted criminals (including convicted U.S. citizens) into our mega-prison (CECOT) in exchange for a fee.<br><br>The fee would be relatively low for\u2026 <a href=\"https:\/\/t.co\/HTNwtp35Aq\">pic.twitter.com\/HTNwtp35Aq<\/a><\/p>&mdash; Nayib Bukele (@nayibbukele) <a href=\"https:\/\/twitter.com\/nayibbukele\/status\/1886606794614587573?ref_src=twsrc%5Etfw\">February 4, 2025<\/a><\/blockquote><script async src=\"https:\/\/platform.twitter.com\/widgets.js\" charset=\"utf-8\"><\/script>\n<\/div><\/figure>\n\n\n\n<p>\u201cNing\u00fan pa\u00eds ha hecho jam\u00e1s una oferta de amistad como esta\u201d, declar\u00f3 a la prensa el secretario de Estado de Estados Unidos,<strong>&nbsp;Marco Rubio<\/strong>, al finalizar tres horas de reuni\u00f3n con Bukele, quien se consolida as\u00ed como el gran aliado regional de la nueva Administraci\u00f3n de Donald Trump.<\/p>\n\n\n\n<p>Marco Rubio, secretario de Estado de Estados Unidos, lleg\u00f3 a El Salvador como parte de su gira centroamericana, con la que busca frenar los flujos migratorios que se dirigen al norte.centroamericana, la primera que lleva a cabo como secretario de Estado y con la que busca frenar los flujos migratorios que se dirigen al norte.<\/p>\n","protected":false},"excerpt":{"rendered":"<p>Este lunes, Nayib Bukele, acept\u00f3 recibir en su megac\u00e1rcel a los migrantes indocumentados que fueron detenidos por cr\u00edmenes graves en Estados Unidos e incluso a albergar a presos de nacionalidad estadounidense.<\/p>\n","protected":false},"author":14,"featured_media":36016,"comment_status":"open","ping_status":"open","sticky":false,"template":"","format":"standard","meta":{"footnotes":""},"categories":[8],"tags":[42],"class_list":["post-36008","post","type-post","status-publish","format-standard","has-post-thumbnail","hentry","category-internacional","tag-internacional"],"_links":{"self":[{"href":"https:\/\/elmercuriomanta.ec\/index.php\/wp-json\/wp\/v2\/posts\/36008","targetHints":{"allow":["GET"]}}],"collection":[{"href":"https:\/\/elmercuriomanta.ec\/index.php\/wp-json\/wp\/v2\/posts"}],"about":[{"href":"https:\/\/elmercuriomanta.ec\/index.php\/wp-json\/wp\/v2\/types\/post"}],"author":[{"embeddable":true,"href":"https:\/\/elmercuriomanta.ec\/index.php\/wp-json\/wp\/v2\/users\/14"}],"replies":[{"embeddable":true,"href":"https:\/\/elmercuriomanta.ec\/index.php\/wp-json\/wp\/v2\/comments?post=36008"}],"version-history":[{"count":4,"href":"https:\/\/elmercuriomanta.ec\/index.php\/wp-json\/wp\/v2\/posts\/36008\/revisions"}],"predecessor-version":[{"id":36026,"href":"https:\/\/elmercuriomanta.ec\/index.php\/wp-json\/wp\/v2\/posts\/36008\/revisions\/36026"}],"wp:featuredmedia":[{"embeddable":true,"href":"https:\/\/elmercuriomanta.ec\/index.php\/wp-json\/wp\/v2\/media\/36016"}],"wp:attachment":[{"href":"https:\/\/elmercuriomanta.ec\/index.php\/wp-json\/wp\/v2\/media?parent=36008"}],"wp:term":[{"taxonomy":"category","embeddable":true,"href":"https:\/\/elmercuriomanta.ec\/index.php\/wp-json\/wp\/v2\/categories?post=36008"},{"taxonomy":"post_tag","embeddable":true,"href":"https:\/\/elmercuriomanta.ec\/index.php\/wp-json\/wp\/v2\/tags?post=36008"}],"curies":[{"name":"wp","href":"https:\/\/api.w.org\/{rel}","templated":true}]}}