{"id":35974,"date":"2025-02-03T14:56:07","date_gmt":"2025-02-03T19:56:07","guid":{"rendered":"https:\/\/elmercuriomanta.ec\/?p=35974"},"modified":"2025-02-03T14:56:17","modified_gmt":"2025-02-03T19:56:17","slug":"arancel-de-27-a-las-importaciones-de-productos-de-mexico","status":"publish","type":"post","link":"https:\/\/elmercuriomanta.ec\/index.php\/2025\/02\/03\/arancel-de-27-a-las-importaciones-de-productos-de-mexico\/","title":{"rendered":"Arancel de 27% para las importaciones de productos de M\u00e9xico"},"content":{"rendered":"\n<figure class=\"wp-block-image aligncenter size-large is-resized\"><img fetchpriority=\"high\" decoding=\"async\" width=\"682\" height=\"1024\" src=\"https:\/\/elmercuriomanta.ec\/wp-content\/uploads\/2025\/02\/image-29-682x1024.png\" alt=\"\" class=\"wp-image-35975\" style=\"width:250px;height:auto\" srcset=\"https:\/\/elmercuriomanta.ec\/wp-content\/uploads\/2025\/02\/image-29-682x1024.png 682w, https:\/\/elmercuriomanta.ec\/wp-content\/uploads\/2025\/02\/image-29-200x300.png 200w, https:\/\/elmercuriomanta.ec\/wp-content\/uploads\/2025\/02\/image-29-768x1152.png 768w, https:\/\/elmercuriomanta.ec\/wp-content\/uploads\/2025\/02\/image-29.png 853w\" sizes=\"(max-width: 682px) 100vw, 682px\" \/><\/figure>\n\n\n\n<p>Este lunes, El presidente, Daniel Noboa, anunci\u00f3 que se aplicar\u00e1 un arancel de 27% a los productos que importe Ecuador de M\u00e9xico, pa\u00eds que rompi\u00f3 relaciones diplom\u00e1ticas con\u00a0el pa\u00eds desde el 5 de abril de 2024.\u00a0<\/p>\n\n\n\n<p>Con esta medida comercial se busca \u00abpromover nuestra industria y que exista un trato justo a nuestros productores\u00bb.\u00a0<\/p>\n\n\n\n<p>En la publicaci\u00f3n del mandatario indic\u00f3 que \u00abel Nuevo Ecuador (lema de su Gobierno) siempre ha estado abierto a la integraci\u00f3n comercial, pero no cuando hay abuso\u00bb.\u00a0<\/p>\n\n\n\n<p>Adem\u00e1s, agreg\u00f3 que su administraci\u00f3n se mantiene abierta a firmar un Tratado de Libre Comercio con M\u00e9xico, pero hasta que eso suceda, se aplicar\u00e1 un arancel de 27% a las importaciones que se realice Ecuador desde el pa\u00eds de Norteam\u00e9rica.\u00a0<\/p>\n\n\n\n<p><br><\/p>\n","protected":false},"excerpt":{"rendered":"<p>Este lunes, El presidente, Daniel Noboa, anunci\u00f3 que se aplicar\u00e1 un arancel de 27% a los productos que importe Ecuador de M\u00e9xico, pa\u00eds que rompi\u00f3 relaciones diplom\u00e1ticas con\u00a0el pa\u00eds desde el 5 de abril de 2024.\u00a0<\/p>\n","protected":false},"author":14,"featured_media":35975,"comment_status":"open","ping_status":"open","sticky":false,"template":"","format":"standard","meta":{"footnotes":""},"categories":[19,83],"tags":[23],"class_list":["post-35974","post","type-post","status-publish","format-standard","has-post-thumbnail","hentry","category-portada-1","category-sucesos","tag-ecuador"],"_links":{"self":[{"href":"https:\/\/elmercuriomanta.ec\/index.php\/wp-json\/wp\/v2\/posts\/35974","targetHints":{"allow":["GET"]}}],"collection":[{"href":"https:\/\/elmercuriomanta.ec\/index.php\/wp-json\/wp\/v2\/posts"}],"about":[{"href":"https:\/\/elmercuriomanta.ec\/index.php\/wp-json\/wp\/v2\/types\/post"}],"author":[{"embeddable":true,"href":"https:\/\/elmercuriomanta.ec\/index.php\/wp-json\/wp\/v2\/users\/14"}],"replies":[{"embeddable":true,"href":"https:\/\/elmercuriomanta.ec\/index.php\/wp-json\/wp\/v2\/comments?post=35974"}],"version-history":[{"count":3,"href":"https:\/\/elmercuriomanta.ec\/index.php\/wp-json\/wp\/v2\/posts\/35974\/revisions"}],"predecessor-version":[{"id":35978,"href":"https:\/\/elmercuriomanta.ec\/index.php\/wp-json\/wp\/v2\/posts\/35974\/revisions\/35978"}],"wp:featuredmedia":[{"embeddable":true,"href":"https:\/\/elmercuriomanta.ec\/index.php\/wp-json\/wp\/v2\/media\/35975"}],"wp:attachment":[{"href":"https:\/\/elmercuriomanta.ec\/index.php\/wp-json\/wp\/v2\/media?parent=35974"}],"wp:term":[{"taxonomy":"category","embeddable":true,"href":"https:\/\/elmercuriomanta.ec\/index.php\/wp-json\/wp\/v2\/categories?post=35974"},{"taxonomy":"post_tag","embeddable":true,"href":"https:\/\/elmercuriomanta.ec\/index.php\/wp-json\/wp\/v2\/tags?post=35974"}],"curies":[{"name":"wp","href":"https:\/\/api.w.org\/{rel}","templated":true}]}}