{"id":35748,"date":"2025-01-30T15:40:16","date_gmt":"2025-01-30T20:40:16","guid":{"rendered":"https:\/\/elmercuriomanta.ec\/?p=35748"},"modified":"2025-01-30T15:40:16","modified_gmt":"2025-01-30T20:40:16","slug":"la-fabril-es-reconocida-como-ods-leader-latam-por-su-compromiso-con-el-desarrollo-sostenible","status":"publish","type":"post","link":"https:\/\/elmercuriomanta.ec\/index.php\/2025\/01\/30\/la-fabril-es-reconocida-como-ods-leader-latam-por-su-compromiso-con-el-desarrollo-sostenible\/","title":{"rendered":"La Fabril es reconocida como ODS Leader Latam por su compromiso con el desarrollo sostenible"},"content":{"rendered":"\n<figure class=\"wp-block-image aligncenter size-large is-resized\"><img fetchpriority=\"high\" decoding=\"async\" width=\"1024\" height=\"682\" src=\"https:\/\/elmercuriomanta.ec\/wp-content\/uploads\/2025\/01\/WhatsApp-Image-2025-01-30-at-15.27.45-1024x682.jpeg\" alt=\"\" class=\"wp-image-35749\" style=\"width:352px;height:auto\" srcset=\"https:\/\/elmercuriomanta.ec\/wp-content\/uploads\/2025\/01\/WhatsApp-Image-2025-01-30-at-15.27.45-1024x682.jpeg 1024w, https:\/\/elmercuriomanta.ec\/wp-content\/uploads\/2025\/01\/WhatsApp-Image-2025-01-30-at-15.27.45-300x200.jpeg 300w, https:\/\/elmercuriomanta.ec\/wp-content\/uploads\/2025\/01\/WhatsApp-Image-2025-01-30-at-15.27.45-768x512.jpeg 768w, https:\/\/elmercuriomanta.ec\/wp-content\/uploads\/2025\/01\/WhatsApp-Image-2025-01-30-at-15.27.45-1536x1023.jpeg 1536w, https:\/\/elmercuriomanta.ec\/wp-content\/uploads\/2025\/01\/WhatsApp-Image-2025-01-30-at-15.27.45.jpeg 1600w\" sizes=\"(max-width: 1024px) 100vw, 1024px\" \/><\/figure>\n\n\n\n<p>La C\u00e1mara de Comercio de Quito (CCQ) y Oxify by Kruger otorgaron a La Fabril el reconocimiento <strong>ODS Leader Latam<\/strong>, un galard\u00f3n que destaca el compromiso con los Objetivos de Desarrollo Sostenible y las mejores pr\u00e1cticas empresariales en Am\u00e9rica Latina.&nbsp;<\/p>\n\n\n\n<p>Este reconocimiento, avalado por <em>EBC Internacional<\/em>, Basura Cero <em>Global e iLab<\/em>, se otorga a aquellas empresas que han demostrado acciones concretas y efectivas para avanzar en la agenda de sostenibilidad, y La Fabril ha destacado notablemente por sus iniciativas innovadoras y responsables que impactan positivamente en la sociedad y en el medio ambiente.<\/p>\n\n\n\n<p>La Fabril ha implementado diversas pr\u00e1cticas sostenibles en su cadena de producci\u00f3n, incluyendo la optimizaci\u00f3n de recursos, la reducci\u00f3n de residuos y el impulso de pr\u00e1cticas responsables en el uso de materias primas. Estas acciones no solo cumplen con los objetivos de la agenda global, sino que tambi\u00e9n fomentan un cambio cultural hacia la sostenibilidad en el sector privado.<\/p>\n\n\n\n<p><em>\u201cLa sostenibilidad, desde hace mucho, dej\u00f3 de ser una opci\u00f3n para el sector productivo. Hoy, definitivamente es una responsabilidad que nos lleva a reinventar procesos e innovar en nuestras cadenas de valor\u201d,<\/em> afirm\u00f3 el <strong>Director Ejecutivo (e) de la CCQ, Juan Carlos Torres.<\/strong><\/p>\n\n\n\n<p><em>Por otra parte, <\/em><strong><em>Alejandro Maldonado, Gerente de Proyectos y Sostenibilidad de La Fabril, expres\u00f3: <\/em><\/strong><em>\u201cEste reconocimiento reafirma nuestro compromiso con el Ecuador y con la sostenibilidad, gui\u00e1ndonos en nuestra misi\u00f3n de contribuir al logro de los Objetivos de Desarrollo Sostenible. A trav\u00e9s de nuestros procesos innovadores y responsables, hemos demostrado que es posible fomentar un desarrollo empresarial que tenga un impacto positivo en la sociedad y en el medio ambiente. Continuaremos optimizando nuestros recursos, reduciendo residuos y promoviendo pr\u00e1cticas responsables en el uso de materias primas, porque creemos firmemente que el \u00e9xito empresarial debe ir de la mano con el bienestar de nuestra comunidad y la preservaci\u00f3n de nuestro entorno\u201d.<\/em><\/p>\n\n\n\n<p>De esta forma, La Fabril reafirma su papel como agente de cambio, motivando a otras organizaciones a unirse en la construcci\u00f3n de un mundo m\u00e1s justo y sostenible.<\/p>\n","protected":false},"excerpt":{"rendered":"<p>La C\u00e1mara de Comercio de Quito (CCQ) y Oxify by Kruger otorgaron a La Fabril el reconocimiento ODS Leader Latam, un galard\u00f3n que destaca el compromiso con los Objetivos de Desarrollo Sostenible y las mejores pr\u00e1cticas empresariales en Am\u00e9rica Latina.\u00a0<\/p>\n","protected":false},"author":14,"featured_media":35749,"comment_status":"open","ping_status":"open","sticky":false,"template":"","format":"standard","meta":{"footnotes":""},"categories":[21],"tags":[23],"class_list":["post-35748","post","type-post","status-publish","format-standard","has-post-thumbnail","hentry","category-noticia-del-dia","tag-ecuador"],"_links":{"self":[{"href":"https:\/\/elmercuriomanta.ec\/index.php\/wp-json\/wp\/v2\/posts\/35748","targetHints":{"allow":["GET"]}}],"collection":[{"href":"https:\/\/elmercuriomanta.ec\/index.php\/wp-json\/wp\/v2\/posts"}],"about":[{"href":"https:\/\/elmercuriomanta.ec\/index.php\/wp-json\/wp\/v2\/types\/post"}],"author":[{"embeddable":true,"href":"https:\/\/elmercuriomanta.ec\/index.php\/wp-json\/wp\/v2\/users\/14"}],"replies":[{"embeddable":true,"href":"https:\/\/elmercuriomanta.ec\/index.php\/wp-json\/wp\/v2\/comments?post=35748"}],"version-history":[{"count":1,"href":"https:\/\/elmercuriomanta.ec\/index.php\/wp-json\/wp\/v2\/posts\/35748\/revisions"}],"predecessor-version":[{"id":35750,"href":"https:\/\/elmercuriomanta.ec\/index.php\/wp-json\/wp\/v2\/posts\/35748\/revisions\/35750"}],"wp:featuredmedia":[{"embeddable":true,"href":"https:\/\/elmercuriomanta.ec\/index.php\/wp-json\/wp\/v2\/media\/35749"}],"wp:attachment":[{"href":"https:\/\/elmercuriomanta.ec\/index.php\/wp-json\/wp\/v2\/media?parent=35748"}],"wp:term":[{"taxonomy":"category","embeddable":true,"href":"https:\/\/elmercuriomanta.ec\/index.php\/wp-json\/wp\/v2\/categories?post=35748"},{"taxonomy":"post_tag","embeddable":true,"href":"https:\/\/elmercuriomanta.ec\/index.php\/wp-json\/wp\/v2\/tags?post=35748"}],"curies":[{"name":"wp","href":"https:\/\/api.w.org\/{rel}","templated":true}]}}