{"id":35380,"date":"2025-01-24T16:55:18","date_gmt":"2025-01-24T21:55:18","guid":{"rendered":"https:\/\/elmercuriomanta.ec\/?p=35380"},"modified":"2025-01-24T17:14:01","modified_gmt":"2025-01-24T22:14:01","slug":"35380","status":"publish","type":"post","link":"https:\/\/elmercuriomanta.ec\/index.php\/2025\/01\/24\/35380\/","title":{"rendered":"La controversia en torno a la instalaci\u00f3n de medidores de agua en el Barrio San Rafael"},"content":{"rendered":"\n<div class=\"wp-block-columns is-layout-flex wp-container-core-columns-is-layout-28f84493 wp-block-columns-is-layout-flex\">\n<div class=\"wp-block-column is-layout-flow wp-block-column-is-layout-flow\">\n<figure class=\"wp-block-image size-large is-resized\"><img fetchpriority=\"high\" decoding=\"async\" width=\"661\" height=\"1024\" src=\"https:\/\/elmercuriomanta.ec\/wp-content\/uploads\/2025\/01\/WhatsApp-Image-2025-01-24-at-17.09.32-661x1024.jpeg\" alt=\"\" class=\"wp-image-35383\" style=\"width:140px;height:auto\" srcset=\"https:\/\/elmercuriomanta.ec\/wp-content\/uploads\/2025\/01\/WhatsApp-Image-2025-01-24-at-17.09.32-661x1024.jpeg 661w, https:\/\/elmercuriomanta.ec\/wp-content\/uploads\/2025\/01\/WhatsApp-Image-2025-01-24-at-17.09.32-194x300.jpeg 194w, https:\/\/elmercuriomanta.ec\/wp-content\/uploads\/2025\/01\/WhatsApp-Image-2025-01-24-at-17.09.32-768x1190.jpeg 768w, https:\/\/elmercuriomanta.ec\/wp-content\/uploads\/2025\/01\/WhatsApp-Image-2025-01-24-at-17.09.32.jpeg 826w\" sizes=\"(max-width: 661px) 100vw, 661px\" \/><\/figure>\n<\/div>\n\n\n\n<div class=\"wp-block-column is-layout-flow wp-block-column-is-layout-flow\">\n<figure class=\"wp-block-image size-large is-resized\"><img decoding=\"async\" width=\"786\" height=\"524\" src=\"https:\/\/elmercuriomanta.ec\/wp-content\/uploads\/2025\/01\/WhatsApp-Image-2025-01-24-at-17.09.48-edited.jpeg\" alt=\"\" class=\"wp-image-35386\" style=\"width:326px;height:auto\" srcset=\"https:\/\/elmercuriomanta.ec\/wp-content\/uploads\/2025\/01\/WhatsApp-Image-2025-01-24-at-17.09.48-edited.jpeg 786w, https:\/\/elmercuriomanta.ec\/wp-content\/uploads\/2025\/01\/WhatsApp-Image-2025-01-24-at-17.09.48-edited-300x200.jpeg 300w, https:\/\/elmercuriomanta.ec\/wp-content\/uploads\/2025\/01\/WhatsApp-Image-2025-01-24-at-17.09.48-edited-768x512.jpeg 768w\" sizes=\"(max-width: 786px) 100vw, 786px\" \/><\/figure>\n<\/div>\n<\/div>\n\n\n\n<p>Jorge Pazo, presidente del barrio San Rafael desde hace 33 a\u00f1os,  comparte las problem\u00e1ticas que afectan a la comunidad en materia de servicios b\u00e1sicos.<\/p>\n\n\n\n<p>Pazo identific\u00f3 la escasez de agua como una de las principales preocupaciones en el sector, se\u00f1alando que, si bien se han establecido cronogramas para abordar este problema local, a\u00fan persisten desaf\u00edos en la distribuci\u00f3n eficiente del vital l\u00edquido. <\/p>\n\n\n\n<div class=\"wp-block-columns is-layout-flex wp-container-core-columns-is-layout-28f84493 wp-block-columns-is-layout-flex\">\n<div class=\"wp-block-column is-layout-flow wp-block-column-is-layout-flow\">\n<figure class=\"wp-block-image size-large is-resized\"><img decoding=\"async\" width=\"765\" height=\"1024\" src=\"https:\/\/elmercuriomanta.ec\/wp-content\/uploads\/2025\/01\/WhatsApp-Image-2025-01-24-at-17.10.32-765x1024.jpeg\" alt=\"\" class=\"wp-image-35387\" style=\"width:214px;height:auto\" srcset=\"https:\/\/elmercuriomanta.ec\/wp-content\/uploads\/2025\/01\/WhatsApp-Image-2025-01-24-at-17.10.32-765x1024.jpeg 765w, https:\/\/elmercuriomanta.ec\/wp-content\/uploads\/2025\/01\/WhatsApp-Image-2025-01-24-at-17.10.32-224x300.jpeg 224w, https:\/\/elmercuriomanta.ec\/wp-content\/uploads\/2025\/01\/WhatsApp-Image-2025-01-24-at-17.10.32-768x1029.jpeg 768w, https:\/\/elmercuriomanta.ec\/wp-content\/uploads\/2025\/01\/WhatsApp-Image-2025-01-24-at-17.10.32.jpeg 946w\" sizes=\"(max-width: 765px) 100vw, 765px\" \/><\/figure>\n<\/div>\n\n\n\n<div class=\"wp-block-column is-layout-flow wp-block-column-is-layout-flow\">\n<figure class=\"wp-block-image size-large is-resized\"><img loading=\"lazy\" decoding=\"async\" width=\"711\" height=\"1024\" src=\"https:\/\/elmercuriomanta.ec\/wp-content\/uploads\/2025\/01\/WhatsApp-Image-2025-01-24-at-17.10.33-711x1024.jpeg\" alt=\"\" class=\"wp-image-35388\" style=\"width:198px;height:auto\" srcset=\"https:\/\/elmercuriomanta.ec\/wp-content\/uploads\/2025\/01\/WhatsApp-Image-2025-01-24-at-17.10.33-711x1024.jpeg 711w, https:\/\/elmercuriomanta.ec\/wp-content\/uploads\/2025\/01\/WhatsApp-Image-2025-01-24-at-17.10.33-208x300.jpeg 208w, https:\/\/elmercuriomanta.ec\/wp-content\/uploads\/2025\/01\/WhatsApp-Image-2025-01-24-at-17.10.33-768x1106.jpeg 768w, https:\/\/elmercuriomanta.ec\/wp-content\/uploads\/2025\/01\/WhatsApp-Image-2025-01-24-at-17.10.33.jpeg 889w\" sizes=\"(max-width: 711px) 100vw, 711px\" \/><\/figure>\n<\/div>\n<\/div>\n\n\n\n<p>Otro aspecto destacado por Pazo fue la controversia en torno a la instalaci\u00f3n de medidores de agua, donde los moradores manifestaron su descontento con la forma en que se llev\u00f3 a cabo el proceso, generando malestar entre la comunidad. Asimismo, expres\u00f3 inquietud por el estado de las v\u00edas del barrio, resaltando la necesidad de mantenimiento y reparaci\u00f3n, especialmente en calles transitadas por veh\u00edculos pesados.<\/p>\n\n\n\n<p>Por otro lado, un morador del barrio, comparti\u00f3 su perspectiva sobre la situaci\u00f3n actual. Se\u00f1al\u00f3 que las ca\u00f1er\u00edas de agua presentan problemas de filtraciones. Tambi\u00e9n mencion\u00f3 que la recolecci\u00f3n de basura ha sido intermitente, generando acumulaciones y descontento entre los residentes.<\/p>\n\n\n\n<p>Los moradores coinciden en la importancia de que las autoridades municipales presten atenci\u00f3n a estas problem\u00e1ticas y tomen medidas concretas para mejorar la calidad de vida de la comunidad del barrio San Rafael.<\/p>\n","protected":false},"excerpt":{"rendered":"<p>Jorge Pazo, presidente del barrio San Rafael desde hace 33 a\u00f1os,  comparte las problem\u00e1ticas que afectan a la comunidad en materia de servicios b\u00e1sicos.<\/p>\n","protected":false},"author":14,"featured_media":35383,"comment_status":"open","ping_status":"open","sticky":false,"template":"","format":"standard","meta":{"footnotes":""},"categories":[1],"tags":[87,86],"class_list":["post-35380","post","type-post","status-publish","format-standard","has-post-thumbnail","hentry","category-uncategorized","tag-el-mercurio-en-los-barrios","tag-en-tu-barrio"],"_links":{"self":[{"href":"https:\/\/elmercuriomanta.ec\/index.php\/wp-json\/wp\/v2\/posts\/35380","targetHints":{"allow":["GET"]}}],"collection":[{"href":"https:\/\/elmercuriomanta.ec\/index.php\/wp-json\/wp\/v2\/posts"}],"about":[{"href":"https:\/\/elmercuriomanta.ec\/index.php\/wp-json\/wp\/v2\/types\/post"}],"author":[{"embeddable":true,"href":"https:\/\/elmercuriomanta.ec\/index.php\/wp-json\/wp\/v2\/users\/14"}],"replies":[{"embeddable":true,"href":"https:\/\/elmercuriomanta.ec\/index.php\/wp-json\/wp\/v2\/comments?post=35380"}],"version-history":[{"count":2,"href":"https:\/\/elmercuriomanta.ec\/index.php\/wp-json\/wp\/v2\/posts\/35380\/revisions"}],"predecessor-version":[{"id":35389,"href":"https:\/\/elmercuriomanta.ec\/index.php\/wp-json\/wp\/v2\/posts\/35380\/revisions\/35389"}],"wp:featuredmedia":[{"embeddable":true,"href":"https:\/\/elmercuriomanta.ec\/index.php\/wp-json\/wp\/v2\/media\/35383"}],"wp:attachment":[{"href":"https:\/\/elmercuriomanta.ec\/index.php\/wp-json\/wp\/v2\/media?parent=35380"}],"wp:term":[{"taxonomy":"category","embeddable":true,"href":"https:\/\/elmercuriomanta.ec\/index.php\/wp-json\/wp\/v2\/categories?post=35380"},{"taxonomy":"post_tag","embeddable":true,"href":"https:\/\/elmercuriomanta.ec\/index.php\/wp-json\/wp\/v2\/tags?post=35380"}],"curies":[{"name":"wp","href":"https:\/\/api.w.org\/{rel}","templated":true}]}}