{"id":35085,"date":"2025-01-20T17:23:13","date_gmt":"2025-01-20T22:23:13","guid":{"rendered":"https:\/\/elmercuriomanta.ec\/?p=35085"},"modified":"2025-01-20T17:30:01","modified_gmt":"2025-01-20T22:30:01","slug":"la-despedida-injusta-de-un-inocente-en-manta","status":"publish","type":"post","link":"https:\/\/elmercuriomanta.ec\/index.php\/2025\/01\/20\/la-despedida-injusta-de-un-inocente-en-manta\/","title":{"rendered":"La despedida injusta de un inocente en Manta"},"content":{"rendered":"\n<figure class=\"wp-block-image aligncenter size-large is-resized\"><img fetchpriority=\"high\" decoding=\"async\" width=\"889\" height=\"1024\" src=\"https:\/\/elmercuriomanta.ec\/wp-content\/uploads\/2025\/01\/WhatsApp-Image-2025-01-20-at-17.24.05-889x1024.jpeg\" alt=\"\" class=\"wp-image-35087\" style=\"width:329px;height:auto\" srcset=\"https:\/\/elmercuriomanta.ec\/wp-content\/uploads\/2025\/01\/WhatsApp-Image-2025-01-20-at-17.24.05-889x1024.jpeg 889w, https:\/\/elmercuriomanta.ec\/wp-content\/uploads\/2025\/01\/WhatsApp-Image-2025-01-20-at-17.24.05-260x300.jpeg 260w, https:\/\/elmercuriomanta.ec\/wp-content\/uploads\/2025\/01\/WhatsApp-Image-2025-01-20-at-17.24.05-768x885.jpeg 768w, https:\/\/elmercuriomanta.ec\/wp-content\/uploads\/2025\/01\/WhatsApp-Image-2025-01-20-at-17.24.05.jpeg 1111w\" sizes=\"(max-width: 889px) 100vw, 889px\" \/><\/figure>\n\n\n\n<p>El sepelio del beb\u00e9 que fue v\u00edctima de un acto de violencia en Manta ha generado profunda conmoci\u00f3n y tristeza en la comunidad. Familiares y amigos se reunieron para despedir al peque\u00f1o en medio de un ambiente cargado de dolor y consternaci\u00f3n.<\/p>\n\n\n\n<p>Durante la ceremonia, se han escuchado muestras de solidaridad y apoyo hacia la mam\u00e1 del beb\u00e9, quienes se encuentran atravesando un momento de indescriptible sufrimiento.<\/p>\n\n\n\n<p>Adem\u00e1s, autoridades locales han expresado su rechazo ante este lamentable episodio, comprometi\u00e9ndose a trabajar incansablemente para llevar a los responsables ante la justicia y garantizar la seguridad de la comunidad.<\/p>\n\n\n\n<p>Este triste acontecimiento ha unido a la ciudad en un sentimiento de solidaridad y repudio frente a la violencia que arrebat\u00f3 la vida de un inocente. El llamado a la unidad y a la reflexi\u00f3n sobre la importancia de proteger a los m\u00e1s indefensos resonar\u00e1 en los corazones de todos los presentes en el sepelio, recordando que cada vida, por m\u00e1s fr\u00e1gil que sea, merece respeto y cuidado.<\/p>\n","protected":false},"excerpt":{"rendered":"<p>El sepelio del beb\u00e9 que fue v\u00edctima de un acto de violencia en Manta ha generado profunda conmoci\u00f3n y tristeza en la comunidad. <\/p>\n","protected":false},"author":14,"featured_media":35087,"comment_status":"open","ping_status":"open","sticky":false,"template":"","format":"standard","meta":{"footnotes":""},"categories":[16,1],"tags":[91],"class_list":["post-35085","post","type-post","status-publish","format-standard","has-post-thumbnail","hentry","category-cronica","category-uncategorized","tag-cronica"],"_links":{"self":[{"href":"https:\/\/elmercuriomanta.ec\/index.php\/wp-json\/wp\/v2\/posts\/35085","targetHints":{"allow":["GET"]}}],"collection":[{"href":"https:\/\/elmercuriomanta.ec\/index.php\/wp-json\/wp\/v2\/posts"}],"about":[{"href":"https:\/\/elmercuriomanta.ec\/index.php\/wp-json\/wp\/v2\/types\/post"}],"author":[{"embeddable":true,"href":"https:\/\/elmercuriomanta.ec\/index.php\/wp-json\/wp\/v2\/users\/14"}],"replies":[{"embeddable":true,"href":"https:\/\/elmercuriomanta.ec\/index.php\/wp-json\/wp\/v2\/comments?post=35085"}],"version-history":[{"count":3,"href":"https:\/\/elmercuriomanta.ec\/index.php\/wp-json\/wp\/v2\/posts\/35085\/revisions"}],"predecessor-version":[{"id":35089,"href":"https:\/\/elmercuriomanta.ec\/index.php\/wp-json\/wp\/v2\/posts\/35085\/revisions\/35089"}],"wp:featuredmedia":[{"embeddable":true,"href":"https:\/\/elmercuriomanta.ec\/index.php\/wp-json\/wp\/v2\/media\/35087"}],"wp:attachment":[{"href":"https:\/\/elmercuriomanta.ec\/index.php\/wp-json\/wp\/v2\/media?parent=35085"}],"wp:term":[{"taxonomy":"category","embeddable":true,"href":"https:\/\/elmercuriomanta.ec\/index.php\/wp-json\/wp\/v2\/categories?post=35085"},{"taxonomy":"post_tag","embeddable":true,"href":"https:\/\/elmercuriomanta.ec\/index.php\/wp-json\/wp\/v2\/tags?post=35085"}],"curies":[{"name":"wp","href":"https:\/\/api.w.org\/{rel}","templated":true}]}}