{"id":34948,"date":"2025-01-18T10:41:52","date_gmt":"2025-01-18T15:41:52","guid":{"rendered":"https:\/\/elmercuriomanta.ec\/?p=34948"},"modified":"2025-01-18T10:41:52","modified_gmt":"2025-01-18T15:41:52","slug":"corte-constitucional-avala-construccion-del-parque-urbano-y-de-negocios-villanueva","status":"publish","type":"post","link":"https:\/\/elmercuriomanta.ec\/index.php\/2025\/01\/18\/corte-constitucional-avala-construccion-del-parque-urbano-y-de-negocios-villanueva\/","title":{"rendered":"Corte Constitucional Avala Construcci\u00f3n del Parque Urbano y de Negocios Villanueva"},"content":{"rendered":"\n<figure class=\"wp-block-image aligncenter size-full is-resized\"><img fetchpriority=\"high\" decoding=\"async\" width=\"224\" height=\"225\" src=\"https:\/\/elmercuriomanta.ec\/wp-content\/uploads\/2025\/01\/image-194.png\" alt=\"\" class=\"wp-image-34949\" style=\"width:486px;height:auto\" srcset=\"https:\/\/elmercuriomanta.ec\/wp-content\/uploads\/2025\/01\/image-194.png 224w, https:\/\/elmercuriomanta.ec\/wp-content\/uploads\/2025\/01\/image-194-150x150.png 150w\" sizes=\"(max-width: 224px) 100vw, 224px\" \/><\/figure>\n\n\n\n<p>En un fallo un\u00e1nime, la Corte Constitucional del Ecuador (CCE) desestim\u00f3 la acci\u00f3n de protecci\u00f3n que deten\u00eda el avance del proyecto Parque Urbano y de Negocios Villanueva, abriendo el camino para una de las obras m\u00e1s grandes en la historia de Portoviejo. El proyecto, que abarca 83 hect\u00e1reas y representa una inversi\u00f3n de m\u00e1s de 1.000 millones de d\u00f3lares, promete transformar el desarrollo urbano y econ\u00f3mico de la capital manabita. Entre los componentes m\u00e1s destacados est\u00e1 la construcci\u00f3n del que ser\u00e1 el centro comercial m\u00e1s grande de Manab\u00ed, impulsado por la empresa Portoshop con una inversi\u00f3n de 100 millones de d\u00f3lares.<\/p>\n\n\n\n<p>Este mall, que ocupar\u00e1 m\u00e1s de 4 hect\u00e1reas, generar\u00e1 alrededor de 5.000 empleos durante su construcci\u00f3n y otros 3.000 en su operaci\u00f3n. Adem\u00e1s, el proyecto incluye la creaci\u00f3n de siete ejes viales, de los cuales dos ya est\u00e1n operativos, conectando el noreste y suroeste del cant\u00f3n y mejorando significativamente la movilidad urbana. El alcalde de Portoviejo, Javier Pincay, destac\u00f3 la importancia de este fallo, se\u00f1alando que es un paso fundamental para el crecimiento de la ciudad.<\/p>\n\n\n\n<p>Durante los meses en que el proyecto estuvo detenido, lider\u00f3 esfuerzos junto con c\u00e1maras de comercio, colegios profesionales, empresarios y ciudadanos, logrando la recolecci\u00f3n de m\u00e1s de 60.000 firmas que respaldaron la viabilidad de la obra. El proyecto ha generado expectativas y tambi\u00e9n cr\u00edticas en algunos sectores, que se\u00f1alan los retos de su ejecuci\u00f3n y su impacto ambiental. Sin embargo, con el aval de la Corte Constitucional, el Parque Urbano y de Negocios Villanueva ahora tiene luz verde para avanzar como un eje central del desarrollo en Portoviejo.<\/p>\n","protected":false},"excerpt":{"rendered":"<p>En un fallo un\u00e1nime, la Corte Constitucional del Ecuador (CCE) desestim\u00f3 la acci\u00f3n de protecci\u00f3n que deten\u00eda el avance del proyecto Parque Urbano y de Negocios Villanueva, abriendo el camino para una de las obras m\u00e1s grandes en la historia de Portoviejo. El proyecto, que abarca 83 hect\u00e1reas y representa una inversi\u00f3n de m\u00e1s de 1.000 millones de d\u00f3lares, promete transformar el desarrollo urbano y econ\u00f3mico de la capital manabita. Entre los componentes m\u00e1s destacados est\u00e1 la construcci\u00f3n del que ser\u00e1 el centro comercial m\u00e1s grande de Manab\u00ed, impulsado por la empresa Portoshop con una inversi\u00f3n de 100 millones de d\u00f3lares.<\/p>\n<p>Este mall, que ocupar\u00e1 m\u00e1s de 4 hect\u00e1reas, generar\u00e1 alrededor de 5.000 empleos durante su construcci\u00f3n y otros 3.000 en su operaci\u00f3n. Adem\u00e1s, el proyecto incluye la creaci\u00f3n de siete ejes viales, de los cuales dos ya est\u00e1n operativos, conectando el noreste y suroeste del cant\u00f3n y mejorando significativamente la movilidad urbana. El alcalde de Portoviejo, Javier Pincay, destac\u00f3 la importancia de este fallo, se\u00f1alando que es un paso fundamental para el crecimiento de la ciudad.<\/p>\n<p>Durante los meses en que el proyecto estuvo detenido, lider\u00f3 esfuerzos junto con c\u00e1maras de comercio, colegios profesionales, empresarios y ciudadanos, logrando la recolecci\u00f3n de m\u00e1s de 60.000 firmas que respaldaron la viabilidad de la obra. El proyecto ha generado expectativas y tambi\u00e9n cr\u00edticas en algunos sectores, que se\u00f1alan los retos de su ejecuci\u00f3n y su impacto ambiental. Sin embargo, con el aval de la Corte Constitucional, el Parque Urbano y de Negocios Villanueva ahora tiene luz verde para avanzar como un eje central del desarrollo en Portoviejo.<\/p>\n","protected":false},"author":12,"featured_media":34949,"comment_status":"open","ping_status":"open","sticky":false,"template":"","format":"standard","meta":{"footnotes":""},"categories":[1],"tags":[29],"class_list":["post-34948","post","type-post","status-publish","format-standard","has-post-thumbnail","hentry","category-uncategorized","tag-manabi"],"_links":{"self":[{"href":"https:\/\/elmercuriomanta.ec\/index.php\/wp-json\/wp\/v2\/posts\/34948","targetHints":{"allow":["GET"]}}],"collection":[{"href":"https:\/\/elmercuriomanta.ec\/index.php\/wp-json\/wp\/v2\/posts"}],"about":[{"href":"https:\/\/elmercuriomanta.ec\/index.php\/wp-json\/wp\/v2\/types\/post"}],"author":[{"embeddable":true,"href":"https:\/\/elmercuriomanta.ec\/index.php\/wp-json\/wp\/v2\/users\/12"}],"replies":[{"embeddable":true,"href":"https:\/\/elmercuriomanta.ec\/index.php\/wp-json\/wp\/v2\/comments?post=34948"}],"version-history":[{"count":1,"href":"https:\/\/elmercuriomanta.ec\/index.php\/wp-json\/wp\/v2\/posts\/34948\/revisions"}],"predecessor-version":[{"id":34950,"href":"https:\/\/elmercuriomanta.ec\/index.php\/wp-json\/wp\/v2\/posts\/34948\/revisions\/34950"}],"wp:featuredmedia":[{"embeddable":true,"href":"https:\/\/elmercuriomanta.ec\/index.php\/wp-json\/wp\/v2\/media\/34949"}],"wp:attachment":[{"href":"https:\/\/elmercuriomanta.ec\/index.php\/wp-json\/wp\/v2\/media?parent=34948"}],"wp:term":[{"taxonomy":"category","embeddable":true,"href":"https:\/\/elmercuriomanta.ec\/index.php\/wp-json\/wp\/v2\/categories?post=34948"},{"taxonomy":"post_tag","embeddable":true,"href":"https:\/\/elmercuriomanta.ec\/index.php\/wp-json\/wp\/v2\/tags?post=34948"}],"curies":[{"name":"wp","href":"https:\/\/api.w.org\/{rel}","templated":true}]}}