{"id":34899,"date":"2025-01-17T14:40:27","date_gmt":"2025-01-17T19:40:27","guid":{"rendered":"https:\/\/elmercuriomanta.ec\/?p=34899"},"modified":"2025-01-17T14:40:27","modified_gmt":"2025-01-17T19:40:27","slug":"candidatos-presidenciales-reconocen-el-set-de-television-en-donde-se-hara-el-debate","status":"publish","type":"post","link":"https:\/\/elmercuriomanta.ec\/index.php\/2025\/01\/17\/candidatos-presidenciales-reconocen-el-set-de-television-en-donde-se-hara-el-debate\/","title":{"rendered":"Candidatos presidenciales\u00a0reconocen el set de televisi\u00f3n en donde se har\u00e1 el debate"},"content":{"rendered":"\n<figure class=\"wp-block-image aligncenter size-large is-resized\"><img fetchpriority=\"high\" decoding=\"async\" width=\"1024\" height=\"768\" src=\"https:\/\/elmercuriomanta.ec\/wp-content\/uploads\/2025\/01\/DDZNDMMT3FEGJFTURS6V247GOE-1024x768.avif\" alt=\"\" class=\"wp-image-34900\" style=\"width:296px;height:auto\" srcset=\"https:\/\/elmercuriomanta.ec\/wp-content\/uploads\/2025\/01\/DDZNDMMT3FEGJFTURS6V247GOE-1024x768.avif 1024w, https:\/\/elmercuriomanta.ec\/wp-content\/uploads\/2025\/01\/DDZNDMMT3FEGJFTURS6V247GOE-300x225.avif 300w, https:\/\/elmercuriomanta.ec\/wp-content\/uploads\/2025\/01\/DDZNDMMT3FEGJFTURS6V247GOE-768x576.avif 768w, https:\/\/elmercuriomanta.ec\/wp-content\/uploads\/2025\/01\/DDZNDMMT3FEGJFTURS6V247GOE.avif 1340w\" sizes=\"(max-width: 1024px) 100vw, 1024px\" \/><\/figure>\n\n\n\n<p>Este viernes, Los 16 candidatos a la Presidencia de la Rep\u00fablica acudieron a las instalaciones del escenario donde se realizar\u00e1 el debate electoral, que ser\u00e1 el debate obligatorio de este domingo, 19 de enero de 2025, a prop\u00f3sito de los c<strong>omicios generales del 9 de febrero<\/strong>.<\/p>\n\n\n\n<p>El set de televisi\u00f3n es del canal gubernamental\u00a0<em>Ecuador TV<\/em>, donde deber\u00e1\u00a0asistir los candidatos a la Presidencia porque ser\u00e1 el debate obligatorio .<\/p>\n\n\n\n<p>Cada uno tendr\u00e1 camerino para prepararse junto con su equipo para esta evento que arrancar\u00e1 desde las 19:00 del domingo y se extender\u00e1 hasta las 22:00 y se transmitir\u00e1 en cadena nacional de radio y televisi\u00f3n.<\/p>\n\n\n\n<p><\/p>\n","protected":false},"excerpt":{"rendered":"<p>Este viernes, Los 16 candidatos a la Presidencia de la Rep\u00fablica acudieron a las instalaciones del escenario donde se realizar\u00e1 el debate electoral, que ser\u00e1 el debate obligatorio de este domingo, 19 de enero de 2025, a prop\u00f3sito de los comicios generales del 9 de febrero.<\/p>\n","protected":false},"author":14,"featured_media":34900,"comment_status":"open","ping_status":"open","sticky":false,"template":"","format":"standard","meta":{"footnotes":""},"categories":[54],"tags":[22],"class_list":["post-34899","post","type-post","status-publish","format-standard","has-post-thumbnail","hentry","category-politica","tag-politica"],"_links":{"self":[{"href":"https:\/\/elmercuriomanta.ec\/index.php\/wp-json\/wp\/v2\/posts\/34899","targetHints":{"allow":["GET"]}}],"collection":[{"href":"https:\/\/elmercuriomanta.ec\/index.php\/wp-json\/wp\/v2\/posts"}],"about":[{"href":"https:\/\/elmercuriomanta.ec\/index.php\/wp-json\/wp\/v2\/types\/post"}],"author":[{"embeddable":true,"href":"https:\/\/elmercuriomanta.ec\/index.php\/wp-json\/wp\/v2\/users\/14"}],"replies":[{"embeddable":true,"href":"https:\/\/elmercuriomanta.ec\/index.php\/wp-json\/wp\/v2\/comments?post=34899"}],"version-history":[{"count":1,"href":"https:\/\/elmercuriomanta.ec\/index.php\/wp-json\/wp\/v2\/posts\/34899\/revisions"}],"predecessor-version":[{"id":34901,"href":"https:\/\/elmercuriomanta.ec\/index.php\/wp-json\/wp\/v2\/posts\/34899\/revisions\/34901"}],"wp:featuredmedia":[{"embeddable":true,"href":"https:\/\/elmercuriomanta.ec\/index.php\/wp-json\/wp\/v2\/media\/34900"}],"wp:attachment":[{"href":"https:\/\/elmercuriomanta.ec\/index.php\/wp-json\/wp\/v2\/media?parent=34899"}],"wp:term":[{"taxonomy":"category","embeddable":true,"href":"https:\/\/elmercuriomanta.ec\/index.php\/wp-json\/wp\/v2\/categories?post=34899"},{"taxonomy":"post_tag","embeddable":true,"href":"https:\/\/elmercuriomanta.ec\/index.php\/wp-json\/wp\/v2\/tags?post=34899"}],"curies":[{"name":"wp","href":"https:\/\/api.w.org\/{rel}","templated":true}]}}