{"id":3465,"date":"2023-07-31T10:44:50","date_gmt":"2023-07-31T15:44:50","guid":{"rendered":"https:\/\/elmercuriomanta.ec\/?p=3465"},"modified":"2023-07-31T10:44:50","modified_gmt":"2023-07-31T15:44:50","slug":"dos-muertos-y-dos-heridos-tras-balacera-cerca-del-malecon-de-guayaquil","status":"publish","type":"post","link":"https:\/\/elmercuriomanta.ec\/index.php\/2023\/07\/31\/dos-muertos-y-dos-heridos-tras-balacera-cerca-del-malecon-de-guayaquil\/","title":{"rendered":"Dos muertos y dos heridos tras balacera cerca del Malec\u00f3n de Guayaquil"},"content":{"rendered":"\n<figure class=\"wp-block-image aligncenter size-large is-resized\"><img fetchpriority=\"high\" decoding=\"async\" src=\"https:\/\/elmercuriomanta.ec\/wp-content\/uploads\/2023\/07\/image-253-1024x574.png\" alt=\"\" class=\"wp-image-3466\" width=\"424\" height=\"237\" srcset=\"https:\/\/elmercuriomanta.ec\/wp-content\/uploads\/2023\/07\/image-253-1024x574.png 1024w, https:\/\/elmercuriomanta.ec\/wp-content\/uploads\/2023\/07\/image-253-300x168.png 300w, https:\/\/elmercuriomanta.ec\/wp-content\/uploads\/2023\/07\/image-253-768x430.png 768w, https:\/\/elmercuriomanta.ec\/wp-content\/uploads\/2023\/07\/image-253.png 1160w\" sizes=\"(max-width: 424px) 100vw, 424px\" \/><\/figure>\n\n\n\n<p>Hubo p\u00e1nico en el Malec\u00f3n 2000 de Guayaquil, centro de la ciudad, luego de una balacera registrada en las inmediaciones de este punto tur\u00edstico, la noche del 30 de julio. El hecho dej\u00f3 dos personas heridas y dos fallecidas, seg\u00fan confirm\u00f3 la Polic\u00eda la ma\u00f1ana de este lunes.<\/p>\n\n\n\n<p>La instituci\u00f3n tambi\u00e9n indic\u00f3 en un breve mensaje de Twitter que por el momento se investigan las motivaciones del ataque.<\/p>\n\n\n\n<figure class=\"wp-block-embed is-type-rich is-provider-twitter wp-block-embed-twitter\"><div class=\"wp-block-embed__wrapper\">\n<blockquote class=\"twitter-tweet\" data-width=\"550\" data-dnt=\"true\"><p lang=\"es\" dir=\"ltr\">Ante el hecho violento registrado la noche de ayer en un parqueadero en la Panam\u00e1 y Roca, <a href=\"https:\/\/twitter.com\/hashtag\/GYE?src=hash&amp;ref_src=twsrc%5Etfw\">#GYE<\/a>, que dej\u00f3 2 personas fallecidas y 2 heridas (una de ellas con antecedentes penales). Se iniciaron las investigaciones para esclarecer las motivaciones y los responsables del hecho. <a href=\"https:\/\/t.co\/vrmZoxOhaq\">pic.twitter.com\/vrmZoxOhaq<\/a><\/p>&mdash; @Polic\u00edaDMGZona8 (@PoliciaDMGZona8) <a href=\"https:\/\/twitter.com\/PoliciaDMGZona8\/status\/1686012044598792192?ref_src=twsrc%5Etfw\">July 31, 2023<\/a><\/blockquote><script async src=\"https:\/\/platform.twitter.com\/widgets.js\" charset=\"utf-8\"><\/script>\n<\/div><figcaption class=\"wp-element-caption\">Horas despu\u00e9s del mensaje de la Polic\u00eda, la Fiscal\u00eda General del Estado se\u00f1al\u00f3 que inici\u00f3 una investigaci\u00f3n de \u2018oficio\u2019 del hecho, por el que a\u00fan no hay detenidos.<\/figcaption><\/figure>\n\n\n\n<figure class=\"wp-block-embed is-type-rich is-provider-twitter wp-block-embed-twitter\"><div class=\"wp-block-embed__wrapper\">\n<blockquote class=\"twitter-tweet\" data-width=\"550\" data-dnt=\"true\"><p lang=\"es\" dir=\"ltr\"><a href=\"https:\/\/twitter.com\/hashtag\/ATENCI%C3%93N?src=hash&amp;ref_src=twsrc%5Etfw\">#ATENCI\u00d3N<\/a> | <a href=\"https:\/\/twitter.com\/hashtag\/Guayas?src=hash&amp;ref_src=twsrc%5Etfw\">#Guayas<\/a>: <a href=\"https:\/\/twitter.com\/hashtag\/Fiscal%C3%ADaEc?src=hash&amp;ref_src=twsrc%5Etfw\">#Fiscal\u00edaEc<\/a> inici\u00f3 \u2013de oficio\u2013 una investigaci\u00f3n por el <a href=\"https:\/\/twitter.com\/hashtag\/asesinato?src=hash&amp;ref_src=twsrc%5Etfw\">#asesinato<\/a> de 2 personas durante la balacera registrada anoche en las calles Roca y Malec\u00f3n Sim\u00f3n Bol\u00edvar, en <a href=\"https:\/\/twitter.com\/hashtag\/Guayaquil?src=hash&amp;ref_src=twsrc%5Etfw\">#Guayaquil<\/a>. Se recabaron elementos e indicios bal\u00edsticos. Hasta el momento no hay detenidos. <a href=\"https:\/\/t.co\/ztwrctdDyH\">pic.twitter.com\/ztwrctdDyH<\/a><\/p>&mdash; Fiscal\u00eda Ecuador (@FiscaliaEcuador) <a href=\"https:\/\/twitter.com\/FiscaliaEcuador\/status\/1686027946400653312?ref_src=twsrc%5Etfw\">July 31, 2023<\/a><\/blockquote><script async src=\"https:\/\/platform.twitter.com\/widgets.js\" charset=\"utf-8\"><\/script>\n<\/div><\/figure>\n\n\n\n<p>Por otra parte, la Corporaci\u00f3n de Seguridad Ciudadana de Guayaquil (CSCG) detall\u00f3 que el ataque ocurri\u00f3 en un parqueadero privado, cerca del Malec\u00f3n. \u201cHubo un enfrentamiento entre sujetos armados\u201c, dijo la CSCG. Mientras que testigos del hecho aseguraron que varios hombres con fusiles atacaron a un ciudadano que lleg\u00f3 hasta el lugar en una camioneta. El ciudadano que estaba en la camioneta ser\u00eda una de las v\u00edctimas. El otro fallecido ser\u00eda un motorizado que pasaba por el lugar. A la hora que ocurri\u00f3 la balacera, hab\u00eda cientos de visitantes en el centro de Guayaquil. En un video que se difundi\u00f3 en redes sociales, se puede escuchar las detonaciones y se observa a los ciudadanos lanzarse al piso para evitar las balas.<\/p>\n\n\n\n<p>FUENTE: PRIMICIAS.<\/p>\n\n\n\n<div class=\"wp-block-essential-blocks-social\"><div class=\"eb-parent-wrapper eb-parent-eb-social-links-rmqu4g2 \"><div class=\"eb-social-links-rmqu4g2 eb-social-links-wrapper\"><ul class=\"eb-socials\"><li><a class=\"facebook-f-original  \" href=\"\/\/www.facebook.com\/YoSoyElMercurio\/?locale=es_LA\" target=\"_self\" rel=\"noopener\"><i class=\"hvr-icon eb-social-icon fab fa-facebook-f\"><\/i><\/a><\/li><li><a class=\"twitter-original  \" href=\"\/\/twitter.com\/elmercuriomanta\" target=\"_self\" rel=\"noopener\"><i class=\"hvr-icon eb-social-icon fab fa-twitter\"><\/i><\/a><\/li><li><a class=\"instagram-original  \" href=\"\/\/www.instagram.com\/elmercuriomanta\/?hl=es\" target=\"_self\" rel=\"noopener\"><i class=\"hvr-icon eb-social-icon fab fa-instagram\"><\/i><\/a><\/li><\/ul><\/div><\/div><\/div>\n","protected":false},"excerpt":{"rendered":"<p>Hubo p\u00e1nico en el Malec\u00f3n 2000 de Guayaquil, centro de la ciudad, luego de una balacera registrada en las inmediaciones de este punto tur\u00edstico, la noche del 30 de julio. El hecho dej\u00f3 dos personas heridas y dos fallecidas, seg\u00fan confirm\u00f3 la Polic\u00eda la ma\u00f1ana de este lunes. La instituci\u00f3n tambi\u00e9n indic\u00f3 en un breve [&hellip;]<\/p>\n","protected":false},"author":12,"featured_media":3466,"comment_status":"open","ping_status":"open","sticky":false,"template":"","format":"standard","meta":{"footnotes":""},"categories":[16],"tags":[],"class_list":["post-3465","post","type-post","status-publish","format-standard","has-post-thumbnail","hentry","category-cronica"],"_links":{"self":[{"href":"https:\/\/elmercuriomanta.ec\/index.php\/wp-json\/wp\/v2\/posts\/3465","targetHints":{"allow":["GET"]}}],"collection":[{"href":"https:\/\/elmercuriomanta.ec\/index.php\/wp-json\/wp\/v2\/posts"}],"about":[{"href":"https:\/\/elmercuriomanta.ec\/index.php\/wp-json\/wp\/v2\/types\/post"}],"author":[{"embeddable":true,"href":"https:\/\/elmercuriomanta.ec\/index.php\/wp-json\/wp\/v2\/users\/12"}],"replies":[{"embeddable":true,"href":"https:\/\/elmercuriomanta.ec\/index.php\/wp-json\/wp\/v2\/comments?post=3465"}],"version-history":[{"count":1,"href":"https:\/\/elmercuriomanta.ec\/index.php\/wp-json\/wp\/v2\/posts\/3465\/revisions"}],"predecessor-version":[{"id":3467,"href":"https:\/\/elmercuriomanta.ec\/index.php\/wp-json\/wp\/v2\/posts\/3465\/revisions\/3467"}],"wp:featuredmedia":[{"embeddable":true,"href":"https:\/\/elmercuriomanta.ec\/index.php\/wp-json\/wp\/v2\/media\/3466"}],"wp:attachment":[{"href":"https:\/\/elmercuriomanta.ec\/index.php\/wp-json\/wp\/v2\/media?parent=3465"}],"wp:term":[{"taxonomy":"category","embeddable":true,"href":"https:\/\/elmercuriomanta.ec\/index.php\/wp-json\/wp\/v2\/categories?post=3465"},{"taxonomy":"post_tag","embeddable":true,"href":"https:\/\/elmercuriomanta.ec\/index.php\/wp-json\/wp\/v2\/tags?post=3465"}],"curies":[{"name":"wp","href":"https:\/\/api.w.org\/{rel}","templated":true}]}}