{"id":34467,"date":"2025-01-10T15:42:53","date_gmt":"2025-01-10T20:42:53","guid":{"rendered":"https:\/\/elmercuriomanta.ec\/?p=34467"},"modified":"2025-01-10T16:45:41","modified_gmt":"2025-01-10T21:45:41","slug":"34467","status":"publish","type":"post","link":"https:\/\/elmercuriomanta.ec\/index.php\/2025\/01\/10\/34467\/","title":{"rendered":"Ministerio de Obras P\u00fablicas Entrega las competencias al Aeropuerto Internacional Eloy Alfaro de Manta a la Direcci\u00f3n General de Aviaci\u00f3n Civil"},"content":{"rendered":"\n<figure class=\"wp-block-image aligncenter size-large is-resized\"><img fetchpriority=\"high\" decoding=\"async\" width=\"848\" height=\"1024\" src=\"https:\/\/elmercuriomanta.ec\/wp-content\/uploads\/2025\/01\/WhatsApp-Image-2025-01-10-at-16.42.51-848x1024.jpeg\" alt=\"\" class=\"wp-image-34478\" style=\"width:200px;height:auto\" srcset=\"https:\/\/elmercuriomanta.ec\/wp-content\/uploads\/2025\/01\/WhatsApp-Image-2025-01-10-at-16.42.51-848x1024.jpeg 848w, https:\/\/elmercuriomanta.ec\/wp-content\/uploads\/2025\/01\/WhatsApp-Image-2025-01-10-at-16.42.51-248x300.jpeg 248w, https:\/\/elmercuriomanta.ec\/wp-content\/uploads\/2025\/01\/WhatsApp-Image-2025-01-10-at-16.42.51-768x928.jpeg 768w, https:\/\/elmercuriomanta.ec\/wp-content\/uploads\/2025\/01\/WhatsApp-Image-2025-01-10-at-16.42.51.jpeg 1170w\" sizes=\"(max-width: 848px) 100vw, 848px\" \/><\/figure>\n\n\n\n<p>Este viernes, en una herm\u00e9tica ceremonia, las competencias del Aeropuerto Internacional Eloy Alfaro de Manta fueron entregadas por el Ministerio de Obras P\u00fablicas a la Direcci\u00f3n General de Aviaci\u00f3n Civil, en una decisi\u00f3n basada en la necesidad urgente de realizar intervenciones cruciales en sus instalaciones.<\/p>\n\n\n\n<p>Manuel Molina, subsecretario de obras p\u00fablicas zonal 4 de Manab\u00ed y Santo Domingo, destac\u00f3 la importancia de esta acci\u00f3n en el marco de un proceso que ha sido clave para la culminaci\u00f3n de importantes trabajos en el aeropuerto. <\/p>\n","protected":false},"excerpt":{"rendered":"<p>Este viernes, en una herm\u00e9tica ceremonia, las competencias del Aeropuerto Internacional Eloy Alfaro de Manta fueron entregadas por el Ministerio de Obras P\u00fablicas a la Direcci\u00f3n General de Aviaci\u00f3n Civil, en una decisi\u00f3n basada en la necesidad urgente de realizar intervenciones cruciales en sus instalaciones. Manuel Molina, subsecretario de obras p\u00fablicas zonal 4 de Manab\u00ed [&hellip;]<\/p>\n","protected":false},"author":14,"featured_media":34478,"comment_status":"open","ping_status":"open","sticky":false,"template":"","format":"standard","meta":{"footnotes":""},"categories":[1],"tags":[],"class_list":["post-34467","post","type-post","status-publish","format-standard","has-post-thumbnail","hentry","category-uncategorized"],"_links":{"self":[{"href":"https:\/\/elmercuriomanta.ec\/index.php\/wp-json\/wp\/v2\/posts\/34467","targetHints":{"allow":["GET"]}}],"collection":[{"href":"https:\/\/elmercuriomanta.ec\/index.php\/wp-json\/wp\/v2\/posts"}],"about":[{"href":"https:\/\/elmercuriomanta.ec\/index.php\/wp-json\/wp\/v2\/types\/post"}],"author":[{"embeddable":true,"href":"https:\/\/elmercuriomanta.ec\/index.php\/wp-json\/wp\/v2\/users\/14"}],"replies":[{"embeddable":true,"href":"https:\/\/elmercuriomanta.ec\/index.php\/wp-json\/wp\/v2\/comments?post=34467"}],"version-history":[{"count":3,"href":"https:\/\/elmercuriomanta.ec\/index.php\/wp-json\/wp\/v2\/posts\/34467\/revisions"}],"predecessor-version":[{"id":34479,"href":"https:\/\/elmercuriomanta.ec\/index.php\/wp-json\/wp\/v2\/posts\/34467\/revisions\/34479"}],"wp:featuredmedia":[{"embeddable":true,"href":"https:\/\/elmercuriomanta.ec\/index.php\/wp-json\/wp\/v2\/media\/34478"}],"wp:attachment":[{"href":"https:\/\/elmercuriomanta.ec\/index.php\/wp-json\/wp\/v2\/media?parent=34467"}],"wp:term":[{"taxonomy":"category","embeddable":true,"href":"https:\/\/elmercuriomanta.ec\/index.php\/wp-json\/wp\/v2\/categories?post=34467"},{"taxonomy":"post_tag","embeddable":true,"href":"https:\/\/elmercuriomanta.ec\/index.php\/wp-json\/wp\/v2\/tags?post=34467"}],"curies":[{"name":"wp","href":"https:\/\/api.w.org\/{rel}","templated":true}]}}