{"id":34458,"date":"2025-01-10T14:25:39","date_gmt":"2025-01-10T19:25:39","guid":{"rendered":"https:\/\/elmercuriomanta.ec\/?p=34458"},"modified":"2025-01-10T14:28:33","modified_gmt":"2025-01-10T19:28:33","slug":"un-muerto-y-dos-heridos-tras-ataque-contra-camioneta","status":"publish","type":"post","link":"https:\/\/elmercuriomanta.ec\/index.php\/2025\/01\/10\/un-muerto-y-dos-heridos-tras-ataque-contra-camioneta\/","title":{"rendered":"Un muerto y dos heridos tras ataque contra camioneta"},"content":{"rendered":"\n<figure class=\"wp-block-image aligncenter size-large is-resized\"><img fetchpriority=\"high\" decoding=\"async\" width=\"768\" height=\"1024\" src=\"https:\/\/elmercuriomanta.ec\/wp-content\/uploads\/2025\/01\/image-120-768x1024.png\" alt=\"\" class=\"wp-image-34461\" style=\"width:360px;height:auto\" srcset=\"https:\/\/elmercuriomanta.ec\/wp-content\/uploads\/2025\/01\/image-120-768x1024.png 768w, https:\/\/elmercuriomanta.ec\/wp-content\/uploads\/2025\/01\/image-120-225x300.png 225w, https:\/\/elmercuriomanta.ec\/wp-content\/uploads\/2025\/01\/image-120.png 960w\" sizes=\"(max-width: 768px) 100vw, 768px\" \/><\/figure>\n\n\n\n<p>\u00a0Este viernes, se registr\u00f3 un ataque armado en Rocafuerte, Manab\u00ed, dejando un muerto y dos heridos.<\/p>\n\n\n\n<p>Las v\u00edctimas se movilizaban en una camioneta en la avenida don Bosco y El\u00edas Cede\u00f1o  cuando fueron sorprendidos por ocupantes de un veh\u00edculo. <\/p>\n\n\n\n<p>Los atacantes aprovecharon que la camioneta redujo la velocidad por un muro en la carretera, para abrir fuego contra los ocupantes.<\/p>\n\n\n\n<p>Se inform\u00f3  que se levantaron m\u00e1s de 30 indicios bal\u00edsticos.<\/p>\n\n\n\n<p>Es la primera muerte violenta en el cant\u00f3n Rocafuerte  del a\u00f1o, mientras la comunidad permanece consternada por el violento suceso.<\/p>\n\n\n\n<p><a href=\"https:\/\/api.whatsapp.com\/send?text=Un%20muerto%20y%20dos%20heridos%20deja%20ataque%20armado%2C%20en%20Rocafuerte%20https%3A%2F%2Fwww.eldiario.ec%2Fcronica%2Fun-muerto-y-dos-heridos-deja-ataque-armado-en-rocafuerte%2F\" rel=\"noreferrer noopener\" target=\"_blank\"><\/a><a href=\"https:\/\/www.facebook.com\/sharer\/sharer.php?u=https%3A%2F%2Fwww.eldiario.ec%2Fcronica%2Fun-muerto-y-dos-heridos-deja-ataque-armado-en-rocafuerte%2F\" rel=\"noreferrer noopener\" target=\"_blank\"><\/a><a href=\"https:\/\/twitter.com\/intent\/tweet?text=Un%20muerto%20y%20dos%20heridos%20deja%20ataque%20armado%2C%20en%20Rocafuerte&amp;url=https%3A%2F%2Fwww.eldiario.ec%2Fcronica%2Fun-muerto-y-dos-heridos-deja-ataque-armado-en-rocafuerte%2F\" rel=\"noreferrer noopener\" target=\"_blank\"><\/a><a href=\"http:\/\/reddit.com\/submit?url=https%3A%2F%2Fwww.eldiario.ec%2Fcronica%2Fun-muerto-y-dos-heridos-deja-ataque-armado-en-rocafuerte%2F&amp;title=Un%20muerto%20y%20dos%20heridos%20deja%20ataque%20armado%2C%20en%20Rocafuerte\" rel=\"noreferrer noopener\" target=\"_blank\"><\/a><a href=\"https:\/\/www.linkedin.com\/sharing\/share-offsite\/?url=https%3A%2F%2Fwww.eldiario.ec%2Fcronica%2Fun-muerto-y-dos-heridos-deja-ataque-armado-en-rocafuerte%2F\" rel=\"noreferrer noopener\" target=\"_blank\"><\/a><a href=\"https:\/\/www.eldiario.ec\/cronica\/un-muerto-y-dos-heridos-deja-ataque-armado-en-rocafuerte\/\"><\/a><a href=\"https:\/\/www.eldiario.ec\/cronica\/un-muerto-y-dos-heridos-deja-ataque-armado-en-rocafuerte\/\"><\/a><\/p>\n","protected":false},"excerpt":{"rendered":"<p>\u00a0Este viernes, se registr\u00f3 un ataque armado en Rocafuerte, Manab\u00ed, dejando un muerto y dos heridos.<\/p>\n","protected":false},"author":14,"featured_media":34461,"comment_status":"open","ping_status":"open","sticky":false,"template":"","format":"standard","meta":{"footnotes":""},"categories":[16,1],"tags":[91],"class_list":["post-34458","post","type-post","status-publish","format-standard","has-post-thumbnail","hentry","category-cronica","category-uncategorized","tag-cronica"],"_links":{"self":[{"href":"https:\/\/elmercuriomanta.ec\/index.php\/wp-json\/wp\/v2\/posts\/34458","targetHints":{"allow":["GET"]}}],"collection":[{"href":"https:\/\/elmercuriomanta.ec\/index.php\/wp-json\/wp\/v2\/posts"}],"about":[{"href":"https:\/\/elmercuriomanta.ec\/index.php\/wp-json\/wp\/v2\/types\/post"}],"author":[{"embeddable":true,"href":"https:\/\/elmercuriomanta.ec\/index.php\/wp-json\/wp\/v2\/users\/14"}],"replies":[{"embeddable":true,"href":"https:\/\/elmercuriomanta.ec\/index.php\/wp-json\/wp\/v2\/comments?post=34458"}],"version-history":[{"count":2,"href":"https:\/\/elmercuriomanta.ec\/index.php\/wp-json\/wp\/v2\/posts\/34458\/revisions"}],"predecessor-version":[{"id":34462,"href":"https:\/\/elmercuriomanta.ec\/index.php\/wp-json\/wp\/v2\/posts\/34458\/revisions\/34462"}],"wp:featuredmedia":[{"embeddable":true,"href":"https:\/\/elmercuriomanta.ec\/index.php\/wp-json\/wp\/v2\/media\/34461"}],"wp:attachment":[{"href":"https:\/\/elmercuriomanta.ec\/index.php\/wp-json\/wp\/v2\/media?parent=34458"}],"wp:term":[{"taxonomy":"category","embeddable":true,"href":"https:\/\/elmercuriomanta.ec\/index.php\/wp-json\/wp\/v2\/categories?post=34458"},{"taxonomy":"post_tag","embeddable":true,"href":"https:\/\/elmercuriomanta.ec\/index.php\/wp-json\/wp\/v2\/tags?post=34458"}],"curies":[{"name":"wp","href":"https:\/\/api.w.org\/{rel}","templated":true}]}}