{"id":34291,"date":"2025-01-07T15:17:57","date_gmt":"2025-01-07T20:17:57","guid":{"rendered":"https:\/\/elmercuriomanta.ec\/?p=34291"},"modified":"2025-01-07T20:37:44","modified_gmt":"2025-01-08T01:37:44","slug":"secuestraron-al-yerno-de-edmundo-gonzalez-en-venezuela","status":"publish","type":"post","link":"https:\/\/elmercuriomanta.ec\/index.php\/2025\/01\/07\/secuestraron-al-yerno-de-edmundo-gonzalez-en-venezuela\/","title":{"rendered":"Secuestraron al yerno de Edmundo Gonz\u00e1lez en Venezuela"},"content":{"rendered":"\n<figure class=\"wp-block-image aligncenter size-full is-resized\"><img fetchpriority=\"high\" decoding=\"async\" width=\"800\" height=\"450\" src=\"https:\/\/elmercuriomanta.ec\/wp-content\/uploads\/2025\/01\/image-82.png\" alt=\"\" class=\"wp-image-34292\" style=\"width:347px;height:auto\" srcset=\"https:\/\/elmercuriomanta.ec\/wp-content\/uploads\/2025\/01\/image-82.png 800w, https:\/\/elmercuriomanta.ec\/wp-content\/uploads\/2025\/01\/image-82-300x169.png 300w, https:\/\/elmercuriomanta.ec\/wp-content\/uploads\/2025\/01\/image-82-768x432.png 768w\" sizes=\"(max-width: 800px) 100vw, 800px\" \/><\/figure>\n\n\n\n<p>A dos d\u00edas de la toma de posesi\u00f3n presidencial en Venezuela <a href=\"https:\/\/x.com\/EdmundoGU\">Edmundo Gonz\u00e1lez<\/a> denunci\u00f3 mediante su cuenta de X: que su yerno Rafael Tudares fue secuestrado.<\/p>\n\n\n\n<p>Tudares se dirig\u00eda a dejar a la escuela a sus hijos cuando fueron interceptados por hombres encapuchados, vestido de negro, lo montaron en una camioneta color dorado, placa AA54E2C y se lo llevaron.<\/p>\n\n\n\n<p>Hasta el momento se encuentra desaparecido.<\/p>\n\n\n\n<figure class=\"wp-block-embed is-type-rich is-provider-twitter wp-block-embed-twitter\"><div class=\"wp-block-embed__wrapper\">\n<blockquote class=\"twitter-tweet\" data-width=\"550\" data-dnt=\"true\"><p lang=\"es\" dir=\"ltr\">Esta ma\u00f1ana fue secuestrado mi yerno Rafael Tudares. <br>Rafael se dirig\u00eda a la escuela de mis nietos de 7 y 6 a\u00f1os, en Caracas, a dejarlos por el inicio a clases, y lo interceptaron hombres encapuchados, vestido de negro, lo montaron en una camioneta color dorado, placa AA54E2C y\u2026<\/p>&mdash; Edmundo Gonz\u00e1lez (@EdmundoGU) <a href=\"https:\/\/twitter.com\/EdmundoGU\/status\/1876684315494662368?ref_src=twsrc%5Etfw\">January 7, 2025<\/a><\/blockquote><script async src=\"https:\/\/platform.twitter.com\/widgets.js\" charset=\"utf-8\"><\/script>\n<\/div><\/figure>\n\n\n\n<p><a href=\"https:\/\/x.com\/EdmundoGU\"><\/a><\/p>\n\n\n\n<p>El partido Primer Justicia, uno de los que conforma la oposici\u00f3n, a\u00f1adi\u00f3 que el presunto secuestro fue llevado a cabo por \u00abfuncionarios del r\u00e9gimen\u00bb oficialista.<\/p>\n\n\n\n\n\n\n\n\n\n\n\n\n\n\n\n\n\n\n\n\n\n\n\n\n\n\n\n\n\n\n\n\n\n\n\n\n\n\n\n<p><\/p>\n","protected":false},"excerpt":{"rendered":"<p>A dos d\u00edas de la toma de posesi\u00f3n presidencial en Venezuela Edmundo Gonz\u00e1lez denunci\u00f3 mediante su cuenta de X: que su yerno Rafael Tudares fue secuestrado.<\/p>\n","protected":false},"author":14,"featured_media":34292,"comment_status":"open","ping_status":"open","sticky":false,"template":"","format":"standard","meta":{"footnotes":""},"categories":[8,1],"tags":[42],"class_list":["post-34291","post","type-post","status-publish","format-standard","has-post-thumbnail","hentry","category-internacional","category-uncategorized","tag-internacional"],"_links":{"self":[{"href":"https:\/\/elmercuriomanta.ec\/index.php\/wp-json\/wp\/v2\/posts\/34291","targetHints":{"allow":["GET"]}}],"collection":[{"href":"https:\/\/elmercuriomanta.ec\/index.php\/wp-json\/wp\/v2\/posts"}],"about":[{"href":"https:\/\/elmercuriomanta.ec\/index.php\/wp-json\/wp\/v2\/types\/post"}],"author":[{"embeddable":true,"href":"https:\/\/elmercuriomanta.ec\/index.php\/wp-json\/wp\/v2\/users\/14"}],"replies":[{"embeddable":true,"href":"https:\/\/elmercuriomanta.ec\/index.php\/wp-json\/wp\/v2\/comments?post=34291"}],"version-history":[{"count":2,"href":"https:\/\/elmercuriomanta.ec\/index.php\/wp-json\/wp\/v2\/posts\/34291\/revisions"}],"predecessor-version":[{"id":34326,"href":"https:\/\/elmercuriomanta.ec\/index.php\/wp-json\/wp\/v2\/posts\/34291\/revisions\/34326"}],"wp:featuredmedia":[{"embeddable":true,"href":"https:\/\/elmercuriomanta.ec\/index.php\/wp-json\/wp\/v2\/media\/34292"}],"wp:attachment":[{"href":"https:\/\/elmercuriomanta.ec\/index.php\/wp-json\/wp\/v2\/media?parent=34291"}],"wp:term":[{"taxonomy":"category","embeddable":true,"href":"https:\/\/elmercuriomanta.ec\/index.php\/wp-json\/wp\/v2\/categories?post=34291"},{"taxonomy":"post_tag","embeddable":true,"href":"https:\/\/elmercuriomanta.ec\/index.php\/wp-json\/wp\/v2\/tags?post=34291"}],"curies":[{"name":"wp","href":"https:\/\/api.w.org\/{rel}","templated":true}]}}