{"id":34159,"date":"2025-01-05T11:27:45","date_gmt":"2025-01-05T16:27:45","guid":{"rendered":"https:\/\/elmercuriomanta.ec\/?p=34159"},"modified":"2025-01-05T11:27:45","modified_gmt":"2025-01-05T16:27:45","slug":"noboa-designa-como-vicepresidenta-a-cynthia-gellibert","status":"publish","type":"post","link":"https:\/\/elmercuriomanta.ec\/index.php\/2025\/01\/05\/noboa-designa-como-vicepresidenta-a-cynthia-gellibert\/","title":{"rendered":"Noboa Designa como Vicepresidenta a Cynthia Gellibert"},"content":{"rendered":"\n<figure class=\"wp-block-image aligncenter size-full is-resized\"><img fetchpriority=\"high\" decoding=\"async\" width=\"1005\" height=\"670\" src=\"https:\/\/elmercuriomanta.ec\/wp-content\/uploads\/2025\/01\/image-56.png\" alt=\"\" class=\"wp-image-34160\" style=\"width:448px;height:auto\" srcset=\"https:\/\/elmercuriomanta.ec\/wp-content\/uploads\/2025\/01\/image-56.png 1005w, https:\/\/elmercuriomanta.ec\/wp-content\/uploads\/2025\/01\/image-56-300x200.png 300w, https:\/\/elmercuriomanta.ec\/wp-content\/uploads\/2025\/01\/image-56-768x512.png 768w\" sizes=\"(max-width: 1005px) 100vw, 1005px\" \/><\/figure>\n\n\n\n<p>Daniel Noboa design\u00f3 dos vicepresidentas de Ecuador en menos de 48 horas. El Presidente suscribi\u00f3 este 4 de enero del 2025 el Decreto 494 con el cual nombr\u00f3 a Cynthia Gellibert como vicepresidenta. Lo hizo apenas dos d\u00edas despu\u00e9s de que designara en ese cargo a Sariha Moya, con Decreto 492. En los dos decretos, Noboa ha se\u00f1alado que la designaci\u00f3n estar\u00e1 vigente hasta el 22 de enero de 2025 o hasta que la se\u00f1ora Mar\u00eda Ver\u00f3nica Abad Rojas se presente y tome posesi\u00f3n de sus funciones en la Embajada del Ecuador en la Rep\u00fablica de Turqu\u00eda.<\/p>\n\n\n\n<p>En los considerandos del Decreto 494 se menciona que Sariha Moya a manifestado un quebranto de salud, por lo cual requiere reposo. Eso le impedir\u00e1 cumplir las funciones asignadas por Noboa. Ver\u00f3nica Abad es la vicepresidenta de Ecuador, electa en las urnas. Sin embargo, el Presidente considera que ella ha incurrido en una \u201causencia temporal\u201d, luego de que tomara vacaciones, cuando \u00e9l le pidi\u00f3 que se trasladara a Turqu\u00eda. \u00bfQui\u00e9n es Cynthia Gellibert? Cynthia Gellibert es la actual Secretaria de la Administraci\u00f3n del Gobierno. Fue nombrada por Noboa el 16 de agosto del 2024, en reemplazo de Arturo F\u00e9lix Wong. Gellibert es Economista y Magister en Administraci\u00f3n P\u00fablica. Oriunda de Anc\u00f3n, provincia de Santa Elena. Se desempe\u00f1\u00f3 como asesora de Daniel Noboa cuando este fue asamble\u00edsta. Presidi\u00f3 el directorio de la Empresa Coordinadora de Empresas P\u00fablicas (EMCO), que concluy\u00f3 su extinci\u00f3n en el 2024.<\/p>\n","protected":false},"excerpt":{"rendered":"<p>Daniel Noboa design\u00f3 dos vicepresidentas de Ecuador en menos de 48 horas. El Presidente suscribi\u00f3 este 4 de enero del 2025 el Decreto 494 con el cual nombr\u00f3 a Cynthia Gellibert como vicepresidenta. Lo hizo apenas dos d\u00edas despu\u00e9s de que designara en ese cargo a Sariha Moya, con Decreto 492. En los dos decretos, Noboa ha se\u00f1alado que la designaci\u00f3n estar\u00e1 vigente hasta el 22 de enero de 2025 o hasta que la se\u00f1ora Mar\u00eda Ver\u00f3nica Abad Rojas se presente y tome posesi\u00f3n de sus funciones en la Embajada del Ecuador en la Rep\u00fablica de Turqu\u00eda.<\/p>\n<p>En los considerandos del Decreto 494 se menciona que Sariha Moya a manifestado un quebranto de salud, por lo cual requiere reposo. Eso le impedir\u00e1 cumplir las funciones asignadas por Noboa. Ver\u00f3nica Abad es la vicepresidenta de Ecuador, electa en las urnas. Sin embargo, el Presidente considera que ella ha incurrido en una \u201causencia temporal\u201d, luego de que tomara vacaciones, cuando \u00e9l le pidi\u00f3 que se trasladara a Turqu\u00eda. \u00bfQui\u00e9n es Cynthia Gellibert? Cynthia Gellibert es la actual Secretaria de la Administraci\u00f3n del Gobierno. Fue nombrada por Noboa el 16 de agosto del 2024, en reemplazo de Arturo F\u00e9lix Wong. Gellibert es Economista y Magister en Administraci\u00f3n P\u00fablica. Oriunda de Anc\u00f3n, provincia de Santa Elena. Se desempe\u00f1\u00f3 como asesora de Daniel Noboa cuando este fue asamble\u00edsta. Presidi\u00f3 el directorio de la Empresa Coordinadora de Empresas P\u00fablicas (EMCO), que concluy\u00f3 su extinci\u00f3n en el 2024.<\/p>\n","protected":false},"author":12,"featured_media":34160,"comment_status":"open","ping_status":"open","sticky":false,"template":"","format":"standard","meta":{"footnotes":""},"categories":[1],"tags":[23],"class_list":["post-34159","post","type-post","status-publish","format-standard","has-post-thumbnail","hentry","category-uncategorized","tag-ecuador"],"_links":{"self":[{"href":"https:\/\/elmercuriomanta.ec\/index.php\/wp-json\/wp\/v2\/posts\/34159","targetHints":{"allow":["GET"]}}],"collection":[{"href":"https:\/\/elmercuriomanta.ec\/index.php\/wp-json\/wp\/v2\/posts"}],"about":[{"href":"https:\/\/elmercuriomanta.ec\/index.php\/wp-json\/wp\/v2\/types\/post"}],"author":[{"embeddable":true,"href":"https:\/\/elmercuriomanta.ec\/index.php\/wp-json\/wp\/v2\/users\/12"}],"replies":[{"embeddable":true,"href":"https:\/\/elmercuriomanta.ec\/index.php\/wp-json\/wp\/v2\/comments?post=34159"}],"version-history":[{"count":1,"href":"https:\/\/elmercuriomanta.ec\/index.php\/wp-json\/wp\/v2\/posts\/34159\/revisions"}],"predecessor-version":[{"id":34161,"href":"https:\/\/elmercuriomanta.ec\/index.php\/wp-json\/wp\/v2\/posts\/34159\/revisions\/34161"}],"wp:featuredmedia":[{"embeddable":true,"href":"https:\/\/elmercuriomanta.ec\/index.php\/wp-json\/wp\/v2\/media\/34160"}],"wp:attachment":[{"href":"https:\/\/elmercuriomanta.ec\/index.php\/wp-json\/wp\/v2\/media?parent=34159"}],"wp:term":[{"taxonomy":"category","embeddable":true,"href":"https:\/\/elmercuriomanta.ec\/index.php\/wp-json\/wp\/v2\/categories?post=34159"},{"taxonomy":"post_tag","embeddable":true,"href":"https:\/\/elmercuriomanta.ec\/index.php\/wp-json\/wp\/v2\/tags?post=34159"}],"curies":[{"name":"wp","href":"https:\/\/api.w.org\/{rel}","templated":true}]}}