{"id":34153,"date":"2025-01-05T11:18:14","date_gmt":"2025-01-05T16:18:14","guid":{"rendered":"https:\/\/elmercuriomanta.ec\/?p=34153"},"modified":"2025-01-05T11:18:14","modified_gmt":"2025-01-05T16:18:14","slug":"prefectura-coloca-piedras-para-proteger-malecon-de-crucita","status":"publish","type":"post","link":"https:\/\/elmercuriomanta.ec\/index.php\/2025\/01\/05\/prefectura-coloca-piedras-para-proteger-malecon-de-crucita\/","title":{"rendered":"Prefectura Coloca Piedras para Proteger Malec\u00f3n de Crucita"},"content":{"rendered":"\n<figure class=\"wp-block-image aligncenter size-full is-resized\"><img fetchpriority=\"high\" decoding=\"async\" width=\"1024\" height=\"684\" src=\"https:\/\/elmercuriomanta.ec\/wp-content\/uploads\/2025\/01\/image-54.png\" alt=\"\" class=\"wp-image-34154\" style=\"width:428px;height:auto\" srcset=\"https:\/\/elmercuriomanta.ec\/wp-content\/uploads\/2025\/01\/image-54.png 1024w, https:\/\/elmercuriomanta.ec\/wp-content\/uploads\/2025\/01\/image-54-300x200.png 300w, https:\/\/elmercuriomanta.ec\/wp-content\/uploads\/2025\/01\/image-54-768x513.png 768w\" sizes=\"(max-width: 1024px) 100vw, 1024px\" \/><\/figure>\n\n\n\n<p>Debido al fuerte oleaje registrado en Manab\u00ed durante el feriado de A\u00f1o Nuevo, el malec\u00f3n de Crucita, en Portoviejo, result\u00f3 con afectaciones. M\u00e1s de 20 puntos en 1,8 kil\u00f3metros, fueron impactados por las olas, seg\u00fan la Prefectura de la provincia. Como medida preventiva, este s\u00e1bado 4 de enero del 2025 inici\u00f3 la colocaci\u00f3n de piedra escollera en el malec\u00f3n. Uno de los principales objetivos es proteger la principal tuber\u00eda de agua de la localidad. Las autoridades movilizaron seis volquetas y dos excavadoras para as labores.<\/p>\n\n\n\n<p>El prefecto Leonardo Orlando se\u00f1al\u00f3 que un equipo t\u00e9cnico est\u00e1 desplegado en Crucita para evaluar las afectaciones como socavamientos, colapso de aceras y bordillos y da\u00f1os en alcantarillas. El Comit\u00e9 de Operaciones de Emergencia se reuni\u00f3 en la ma\u00f1ana para evaluar las afectaciones. Seg\u00fan el Municipio de Portoviejo, el agua ingres\u00f3 a cuatro locales y 190 embarcaciones pesqueras no han podido zarpar para las faenas.<\/p>\n","protected":false},"excerpt":{"rendered":"<p>Debido al fuerte oleaje registrado en Manab\u00ed durante el feriado de A\u00f1o Nuevo, el malec\u00f3n de Crucita, en Portoviejo, result\u00f3 con afectaciones. M\u00e1s de 20 puntos en 1,8 kil\u00f3metros, fueron impactados por las olas, seg\u00fan la Prefectura de la provincia. Como medida preventiva, este s\u00e1bado 4 de enero del 2025 inici\u00f3 la colocaci\u00f3n de piedra escollera en el malec\u00f3n. Uno de los principales objetivos es proteger la principal tuber\u00eda de agua de la localidad. Las autoridades movilizaron seis volquetas y dos excavadoras para as labores.<\/p>\n<p>El prefecto Leonardo Orlando se\u00f1al\u00f3 que un equipo t\u00e9cnico est\u00e1 desplegado en Crucita para evaluar las afectaciones como socavamientos, colapso de aceras y bordillos y da\u00f1os en alcantarillas. El Comit\u00e9 de Operaciones de Emergencia se reuni\u00f3 en la ma\u00f1ana para evaluar las afectaciones. Seg\u00fan el Municipio de Portoviejo, el agua ingres\u00f3 a cuatro locales y 190 embarcaciones pesqueras no han podido zarpar para las faenas.<\/p>\n","protected":false},"author":12,"featured_media":34154,"comment_status":"open","ping_status":"open","sticky":false,"template":"","format":"standard","meta":{"footnotes":""},"categories":[1],"tags":[29],"class_list":["post-34153","post","type-post","status-publish","format-standard","has-post-thumbnail","hentry","category-uncategorized","tag-manabi"],"_links":{"self":[{"href":"https:\/\/elmercuriomanta.ec\/index.php\/wp-json\/wp\/v2\/posts\/34153","targetHints":{"allow":["GET"]}}],"collection":[{"href":"https:\/\/elmercuriomanta.ec\/index.php\/wp-json\/wp\/v2\/posts"}],"about":[{"href":"https:\/\/elmercuriomanta.ec\/index.php\/wp-json\/wp\/v2\/types\/post"}],"author":[{"embeddable":true,"href":"https:\/\/elmercuriomanta.ec\/index.php\/wp-json\/wp\/v2\/users\/12"}],"replies":[{"embeddable":true,"href":"https:\/\/elmercuriomanta.ec\/index.php\/wp-json\/wp\/v2\/comments?post=34153"}],"version-history":[{"count":1,"href":"https:\/\/elmercuriomanta.ec\/index.php\/wp-json\/wp\/v2\/posts\/34153\/revisions"}],"predecessor-version":[{"id":34155,"href":"https:\/\/elmercuriomanta.ec\/index.php\/wp-json\/wp\/v2\/posts\/34153\/revisions\/34155"}],"wp:featuredmedia":[{"embeddable":true,"href":"https:\/\/elmercuriomanta.ec\/index.php\/wp-json\/wp\/v2\/media\/34154"}],"wp:attachment":[{"href":"https:\/\/elmercuriomanta.ec\/index.php\/wp-json\/wp\/v2\/media?parent=34153"}],"wp:term":[{"taxonomy":"category","embeddable":true,"href":"https:\/\/elmercuriomanta.ec\/index.php\/wp-json\/wp\/v2\/categories?post=34153"},{"taxonomy":"post_tag","embeddable":true,"href":"https:\/\/elmercuriomanta.ec\/index.php\/wp-json\/wp\/v2\/tags?post=34153"}],"curies":[{"name":"wp","href":"https:\/\/api.w.org\/{rel}","templated":true}]}}