{"id":33686,"date":"2024-12-27T17:49:04","date_gmt":"2024-12-27T22:49:04","guid":{"rendered":"https:\/\/elmercuriomanta.ec\/?p=33686"},"modified":"2024-12-27T17:49:04","modified_gmt":"2024-12-27T22:49:04","slug":"los-desafios-del-barrio-abdon-calderon-inundaciones-deslizamientos-y-falta-de-servicios-basicos","status":"publish","type":"post","link":"https:\/\/elmercuriomanta.ec\/index.php\/2024\/12\/27\/los-desafios-del-barrio-abdon-calderon-inundaciones-deslizamientos-y-falta-de-servicios-basicos\/","title":{"rendered":"Los desaf\u00edos del barrio Abd\u00f3n Calder\u00f3n: inundaciones, deslizamientos y falta de servicios b\u00e1sicos"},"content":{"rendered":"\n<div class=\"wp-block-columns is-layout-flex wp-container-core-columns-is-layout-28f84493 wp-block-columns-is-layout-flex\">\n<div class=\"wp-block-column is-layout-flow wp-block-column-is-layout-flow\">\n<figure class=\"wp-block-image size-large is-resized\"><img fetchpriority=\"high\" decoding=\"async\" width=\"685\" height=\"1024\" src=\"https:\/\/elmercuriomanta.ec\/wp-content\/uploads\/2024\/12\/WhatsApp-Image-2024-12-27-at-17.42.56-685x1024.jpeg\" alt=\"\" class=\"wp-image-33727\" style=\"width:222px;height:auto\" srcset=\"https:\/\/elmercuriomanta.ec\/wp-content\/uploads\/2024\/12\/WhatsApp-Image-2024-12-27-at-17.42.56-685x1024.jpeg 685w, https:\/\/elmercuriomanta.ec\/wp-content\/uploads\/2024\/12\/WhatsApp-Image-2024-12-27-at-17.42.56-201x300.jpeg 201w, https:\/\/elmercuriomanta.ec\/wp-content\/uploads\/2024\/12\/WhatsApp-Image-2024-12-27-at-17.42.56-768x1148.jpeg 768w, https:\/\/elmercuriomanta.ec\/wp-content\/uploads\/2024\/12\/WhatsApp-Image-2024-12-27-at-17.42.56.jpeg 856w\" sizes=\"(max-width: 685px) 100vw, 685px\" \/><\/figure>\n<\/div>\n\n\n\n<div class=\"wp-block-column is-layout-flow wp-block-column-is-layout-flow\">\n<figure class=\"wp-block-image size-large is-resized\"><img decoding=\"async\" width=\"657\" height=\"1024\" src=\"https:\/\/elmercuriomanta.ec\/wp-content\/uploads\/2024\/12\/WhatsApp-Image-2024-12-27-at-17.42.27-657x1024.jpeg\" alt=\"\" class=\"wp-image-33728\" style=\"width:216px;height:auto\" srcset=\"https:\/\/elmercuriomanta.ec\/wp-content\/uploads\/2024\/12\/WhatsApp-Image-2024-12-27-at-17.42.27-657x1024.jpeg 657w, https:\/\/elmercuriomanta.ec\/wp-content\/uploads\/2024\/12\/WhatsApp-Image-2024-12-27-at-17.42.27-192x300.jpeg 192w, https:\/\/elmercuriomanta.ec\/wp-content\/uploads\/2024\/12\/WhatsApp-Image-2024-12-27-at-17.42.27-768x1197.jpeg 768w, https:\/\/elmercuriomanta.ec\/wp-content\/uploads\/2024\/12\/WhatsApp-Image-2024-12-27-at-17.42.27.jpeg 821w\" sizes=\"(max-width: 657px) 100vw, 657px\" \/><\/figure>\n<\/div>\n<\/div>\n\n\n\n<p>Los moradores del barrio Abd\u00f3n Calder\u00f3n, ubicado en una zona baja de la ciudad, enfrentan serias dificultades que van desde las constantes inundaciones hasta los deslizamientos de tierra. <\/p>\n\n\n\n<p>Norma Moreira, presidenta del barrio, explica que estos problemas se han intensificado en la actualidad,  por la falta de infraestructura adecuada.<\/p>\n\n\n\n<p>\u00abAl estar en una zona baja, sufrimos de inundaciones cada vez que llueve y, adem\u00e1s, los deslizamientos de tierra son una constante preocupaci\u00f3n. Por si fuera poco, los postes el\u00e9ctricos en la entrada del barrio no funcionan desde que los malhechores robaron los cables, alrededor de 600 metros. Estamos en completa oscuridad y eso genera un gran temor, ya que pueden ocurrir m\u00e1s problemas\u00bb, comenta Moreira.<\/p>\n\n\n\n<p>La opci\u00f3n que les ha dado la entidad competente para resolver el problema de la electricidad es recaudar dinero entre los vecinos para comprar los cables. \u00abNosotros pagamos un impuesto en la planilla de luz, \u00bfpor qu\u00e9 tenemos que ser nosotros quienes compremos los cables?\u00bb,  cuestiona Moreira .<\/p>\n\n\n\n<p>A pesar de las dificultades, los moradores del barrio Abd\u00f3n Calder\u00f3n reciben capacitaciones sobre c\u00f3mo actuar ante inundaciones, pero a\u00fan esperan una soluci\u00f3n m\u00e1s efectiva por parte del Municipio. \u00abEstamos en la lista del Hidrosanitario, pero a\u00fan no han llegado a este sector. Eso esperamos, porque ah\u00ed podremos solucionar, aunque sea parcialmente, el problema\u00bb, a\u00f1ade.<\/p>\n\n\n\n<p><em>Problemas con las calles y la salud p\u00fablica<\/em><\/p>\n\n\n\n<p>Por otro lado, la infraestructura del barrio tambi\u00e9n est\u00e1 seriamente deteriorada. La avenida 38, que lleva a la iglesia local, lleva a\u00f1os en mal estado. Seg\u00fan Moreira, desde el a\u00f1o pasado se aprob\u00f3 la restauraci\u00f3n de la calle, pero a\u00fan no se ha ejecutado, debido a que el Municipio espera terminar primero los trabajos hidrosanitario. \u00abEsto ha generado otras complicaciones. El agua se estanca cuando llueve, lo que provoca la proliferaci\u00f3n de mosquitos y, con ello, el riesgo de enfermedades como el dengue\u00bb, explica.<\/p>\n\n\n\n<p>Noralma Bravo, residente del sector, se\u00f1ala que los deslizamientos de tierra son la principal amenaza para los moradores. \u00abEl mal estado de las escalinatas tambi\u00e9n es un problema. En temporada de lluvias, a veces alertamos al Municipio, y si no llegan, nos ayudamos entre nosotros\u00bb, cuenta. <\/p>\n\n\n\n<p><em>La falta de servicios b\u00e1sicos y el abandono de la escuela<\/em><\/p>\n\n\n\n<p>Uno de los problemas m\u00e1s graves que enfrenta el sector es la falta de transporte p\u00fablico. Ana Palacios, vecina del barrio, explica que los residentes deben tomar taxis, lo cual es costoso y no todas las familias pueden permit\u00edrselo. \u00abSolicitamos que se cree una l\u00ednea de bus para el barrio, ya hemos enviado un oficio a la FETUM, pero a\u00fan no hemos recibido respuestas. Es urgente que las autoridades revisen si es posible crear una ruta que cubra este sector\u00bb, solicita Palacios.<\/p>\n\n\n\n<p>La presidenta del barrio, Norma Moreira, tambi\u00e9n pide que el Municipio se haga cargo del \u00e1rea de arborizaci\u00f3n. En 2023, gestionaron el lastrado de algunas calles, pero las lluvias lo destruyeron por completo. \u00abLas lomas aqu\u00ed son muy peligrosas, los due\u00f1os de los terrenos no hacen nada para prevenir los deslizamientos. Necesitamos que se construyan muros de contenci\u00f3n y que adoquinen las calles\u00bb, pide.<\/p>\n\n\n\n<p>Adem\u00e1s, la comunidad se\u00f1ala el abandono de la escuela local, que fue afectada por el terremoto de 2016 y que a\u00fan no ha sido rehabilitada. A pesar de las gestiones realizadas, como la recolecci\u00f3n de firmas, la reconstrucci\u00f3n del centro educativo sigue siendo un tema pendiente.<\/p>\n\n\n\n<p><em>Llamado urgente a las autoridades<\/em><\/p>\n\n\n\n<p>Los residentes del barrio Abd\u00f3n Calder\u00f3n hacen un llamado urgente a las autoridades pertinentes para que tomen cartas en el asunto y ayuden a resolver los problemas que afectan al sector. \u00abEs necesario que nos brinden apoyo con la iluminaci\u00f3n, las obras de infraestructura y el sistema de aguas servidas. Las inundaciones y los deslizamientos de tierra son una constante amenaza, y necesitamos que el Hidrosanitario llegue pronto para mejorar nuestra situaci\u00f3n\u00bb, concluye Moreira, con la esperanza de que sus demandas sean escuchadas y atendidas lo antes posible.<\/p>\n\n\n\n<p><\/p>\n","protected":false},"excerpt":{"rendered":"<p>Los moradores del barrio Abd\u00f3n Calder\u00f3n, ubicado en una zona baja de la ciudad, enfrentan serias dificultades que van desde las constantes inundaciones hasta los deslizamientos de tierra. <\/p>\n","protected":false},"author":14,"featured_media":33728,"comment_status":"open","ping_status":"open","sticky":false,"template":"","format":"standard","meta":{"footnotes":""},"categories":[20,83],"tags":[87,86],"class_list":["post-33686","post","type-post","status-publish","format-standard","has-post-thumbnail","hentry","category-portada-2","category-sucesos","tag-el-mercurio-en-los-barrios","tag-en-tu-barrio"],"_links":{"self":[{"href":"https:\/\/elmercuriomanta.ec\/index.php\/wp-json\/wp\/v2\/posts\/33686","targetHints":{"allow":["GET"]}}],"collection":[{"href":"https:\/\/elmercuriomanta.ec\/index.php\/wp-json\/wp\/v2\/posts"}],"about":[{"href":"https:\/\/elmercuriomanta.ec\/index.php\/wp-json\/wp\/v2\/types\/post"}],"author":[{"embeddable":true,"href":"https:\/\/elmercuriomanta.ec\/index.php\/wp-json\/wp\/v2\/users\/14"}],"replies":[{"embeddable":true,"href":"https:\/\/elmercuriomanta.ec\/index.php\/wp-json\/wp\/v2\/comments?post=33686"}],"version-history":[{"count":1,"href":"https:\/\/elmercuriomanta.ec\/index.php\/wp-json\/wp\/v2\/posts\/33686\/revisions"}],"predecessor-version":[{"id":33729,"href":"https:\/\/elmercuriomanta.ec\/index.php\/wp-json\/wp\/v2\/posts\/33686\/revisions\/33729"}],"wp:featuredmedia":[{"embeddable":true,"href":"https:\/\/elmercuriomanta.ec\/index.php\/wp-json\/wp\/v2\/media\/33728"}],"wp:attachment":[{"href":"https:\/\/elmercuriomanta.ec\/index.php\/wp-json\/wp\/v2\/media?parent=33686"}],"wp:term":[{"taxonomy":"category","embeddable":true,"href":"https:\/\/elmercuriomanta.ec\/index.php\/wp-json\/wp\/v2\/categories?post=33686"},{"taxonomy":"post_tag","embeddable":true,"href":"https:\/\/elmercuriomanta.ec\/index.php\/wp-json\/wp\/v2\/tags?post=33686"}],"curies":[{"name":"wp","href":"https:\/\/api.w.org\/{rel}","templated":true}]}}