{"id":33493,"date":"2024-12-22T14:55:26","date_gmt":"2024-12-22T19:55:26","guid":{"rendered":"https:\/\/elmercuriomanta.ec\/?p=33493"},"modified":"2024-12-22T14:55:26","modified_gmt":"2024-12-22T19:55:26","slug":"la-generacion-energetica-se-desplomo-en-ecuador","status":"publish","type":"post","link":"https:\/\/elmercuriomanta.ec\/index.php\/2024\/12\/22\/la-generacion-energetica-se-desplomo-en-ecuador\/","title":{"rendered":"La Generaci\u00f3n Energ\u00e9tica se Desplom\u00f3 en Ecuador"},"content":{"rendered":"\n<h1 class=\"wp-block-heading\"><\/h1>\n\n\n\n<figure class=\"wp-block-image aligncenter size-full is-resized\"><img fetchpriority=\"high\" decoding=\"async\" width=\"825\" height=\"600\" src=\"https:\/\/elmercuriomanta.ec\/wp-content\/uploads\/2024\/12\/image-208.png\" alt=\"\" class=\"wp-image-33494\" style=\"width:427px;height:auto\" srcset=\"https:\/\/elmercuriomanta.ec\/wp-content\/uploads\/2024\/12\/image-208.png 825w, https:\/\/elmercuriomanta.ec\/wp-content\/uploads\/2024\/12\/image-208-300x218.png 300w, https:\/\/elmercuriomanta.ec\/wp-content\/uploads\/2024\/12\/image-208-768x559.png 768w\" sizes=\"(max-width: 825px) 100vw, 825px\" \/><\/figure>\n\n\n\n<p>La generaci\u00f3n el\u00e9ctrica producida en Ecuador se desplom\u00f3 cerca de las 01:20, resultando as\u00ed en apagones no programados a escala nacional con duraci\u00f3n mayor a cuatro horas en varias ciudades, la madrugada de este s\u00e1bado 21 de diciembre. As\u00ed lo demuestran cifras del Operador Nacional de Energ\u00eda (Cenace), que en su cuadro de curva de generaci\u00f3n se\u00f1ala que hasta las 01:00 todo el pa\u00eds estaba demandando cerca de 3 400 MW, pero a la siguiente hora esta cifra cay\u00f3 a 500 MW, produci\u00e9ndose una reducci\u00f3n del 85 %, un descenso similar al \u201cblackout\u201d del pasado 19 de junio.<\/p>\n\n\n\n<p>De acuerdo al Gobierno, este fen\u00f3meno ocurri\u00f3 por la desconexi\u00f3n de la l\u00ednea de transmisi\u00f3n Quevedo-Santo Domingo, lo cual activ\u00f3 la protecci\u00f3n sistem\u00e1tica del Sistema El\u00e9ctrico, que tuvo como consecuencia la desconexi\u00f3n de toda la infraestructura del sistema nacional. Esto signific\u00f3 que no se pod\u00eda operar la energ\u00eda que proviene tanto de las hidroel\u00e9ctricas y la importada desde Colombia, solo quedando vigente la generada por medio de las termoel\u00e9ctricas. Un ejemplo de ello es la energ\u00eda producida por el complejo hidroel\u00e9ctrico Paute y la hidroel\u00e9ctrica Minas San Francisco (que pertenecen a Celec Sur, que entre las 02:00 y las 05:00, solo produjeron 47MW. A\u00fan el Ministerio de Energ\u00eda y Minas no ha explicado qu\u00e9 provoc\u00f3 la salida de la l\u00ednea de transmisi\u00f3n Quevedo-Santo Domingo. Horas antes, entre las 20:30 y las 21:10, la l\u00ednea Chorrillos-Tisaleo hab\u00eda sido afectada por intensas lluvias, lo cual result\u00f3 en apagones en varios sectores de Guayaquil y zonas aleda\u00f1as.<\/p>\n","protected":false},"excerpt":{"rendered":"<p>La generaci\u00f3n el\u00e9ctrica producida en Ecuador se desplom\u00f3 cerca de las 01:20, resultando as\u00ed en apagones no programados a escala nacional con duraci\u00f3n mayor a cuatro horas en varias ciudades, la madrugada de este s\u00e1bado 21 de diciembre. As\u00ed lo demuestran cifras del Operador Nacional de Energ\u00eda (Cenace), que en su cuadro de curva de generaci\u00f3n se\u00f1ala que hasta las 01:00 todo el pa\u00eds estaba demandando cerca de 3 400 MW, pero a la siguiente hora esta cifra cay\u00f3 a 500 MW, produci\u00e9ndose una reducci\u00f3n del 85 %, un descenso similar al \u201cblackout\u201d del pasado 19 de junio.<\/p>\n<p>De acuerdo al Gobierno, este fen\u00f3meno ocurri\u00f3 por la desconexi\u00f3n de la l\u00ednea de transmisi\u00f3n Quevedo-Santo Domingo, lo cual activ\u00f3 la protecci\u00f3n sistem\u00e1tica del Sistema El\u00e9ctrico, que tuvo como consecuencia la desconexi\u00f3n de toda la infraestructura del sistema nacional. Esto signific\u00f3 que no se pod\u00eda operar la energ\u00eda que proviene tanto de las hidroel\u00e9ctricas y la importada desde Colombia, solo quedando vigente la generada por medio de las termoel\u00e9ctricas. Un ejemplo de ello es la energ\u00eda producida por el complejo hidroel\u00e9ctrico Paute y la hidroel\u00e9ctrica Minas San Francisco (que pertenecen a Celec Sur, que entre las 02:00 y las 05:00, solo produjeron 47MW. A\u00fan el Ministerio de Energ\u00eda y Minas no ha explicado qu\u00e9 provoc\u00f3 la salida de la l\u00ednea de transmisi\u00f3n Quevedo-Santo Domingo. Horas antes, entre las 20:30 y las 21:10, la l\u00ednea Chorrillos-Tisaleo hab\u00eda sido afectada por intensas lluvias, lo cual result\u00f3 en apagones en varios sectores de Guayaquil y zonas aleda\u00f1as.<\/p>\n","protected":false},"author":12,"featured_media":33494,"comment_status":"open","ping_status":"open","sticky":false,"template":"","format":"standard","meta":{"footnotes":""},"categories":[1],"tags":[23],"class_list":["post-33493","post","type-post","status-publish","format-standard","has-post-thumbnail","hentry","category-uncategorized","tag-ecuador"],"_links":{"self":[{"href":"https:\/\/elmercuriomanta.ec\/index.php\/wp-json\/wp\/v2\/posts\/33493","targetHints":{"allow":["GET"]}}],"collection":[{"href":"https:\/\/elmercuriomanta.ec\/index.php\/wp-json\/wp\/v2\/posts"}],"about":[{"href":"https:\/\/elmercuriomanta.ec\/index.php\/wp-json\/wp\/v2\/types\/post"}],"author":[{"embeddable":true,"href":"https:\/\/elmercuriomanta.ec\/index.php\/wp-json\/wp\/v2\/users\/12"}],"replies":[{"embeddable":true,"href":"https:\/\/elmercuriomanta.ec\/index.php\/wp-json\/wp\/v2\/comments?post=33493"}],"version-history":[{"count":1,"href":"https:\/\/elmercuriomanta.ec\/index.php\/wp-json\/wp\/v2\/posts\/33493\/revisions"}],"predecessor-version":[{"id":33495,"href":"https:\/\/elmercuriomanta.ec\/index.php\/wp-json\/wp\/v2\/posts\/33493\/revisions\/33495"}],"wp:featuredmedia":[{"embeddable":true,"href":"https:\/\/elmercuriomanta.ec\/index.php\/wp-json\/wp\/v2\/media\/33494"}],"wp:attachment":[{"href":"https:\/\/elmercuriomanta.ec\/index.php\/wp-json\/wp\/v2\/media?parent=33493"}],"wp:term":[{"taxonomy":"category","embeddable":true,"href":"https:\/\/elmercuriomanta.ec\/index.php\/wp-json\/wp\/v2\/categories?post=33493"},{"taxonomy":"post_tag","embeddable":true,"href":"https:\/\/elmercuriomanta.ec\/index.php\/wp-json\/wp\/v2\/tags?post=33493"}],"curies":[{"name":"wp","href":"https:\/\/api.w.org\/{rel}","templated":true}]}}